{"id":299,"date":"2010-01-22T13:34:41","date_gmt":"2010-01-22T18:34:41","guid":{"rendered":"http:\/\/blog.espol.edu.ec\/arnaldoalfonzo\/?p=299"},"modified":"2010-01-22T13:34:41","modified_gmt":"2010-01-22T18:34:41","slug":"299","status":"publish","type":"post","link":"https:\/\/blog.espol.edu.ec\/arnaldoalfonzo\/2010\/01\/22\/299\/","title":{"rendered":""},"content":{"rendered":"<p class=\"MsoNormal\" style=\"text-align: center\"><!--[if gte mso 9]&gt;  Normal 0   21   false false false  ES X-NONE X-NONE              MicrosoftInternetExplorer4              &lt;![endif]--><!--[if gte mso 9]&gt;                                                                                                                                            &lt;![endif]--> <span style=\"color: #000000\"><strong><span style=\"font-size: 20pt;font-family: &quot;Times New Roman&quot;,&quot;serif&amp;quot\">Tendr\u00e1 segunda parte :'Paranormal Activity'<\/span><\/strong><\/span><\/p>\n<p class=\"MsoNormal\" style=\"text-align: center\"><span style=\"color: #000000\"><strong><span style=\"font-size: 20pt;font-family: &quot;Times New Roman&quot;,&quot;serif&amp;quot\"><a rel=\"attachment wp-att-300\" href=\"http:\/\/blog.espol.edu.ec\/arnaldoalfonzo\/2010\/01\/22\/299\/paranormal_activity_xlg\/\"><img loading=\"lazy\" decoding=\"async\" class=\"aligncenter size-full wp-image-300\" src=\"http:\/\/blog.espol.edu.ec\/arnaldoalfonzo\/files\/2010\/01\/paranormal_activity_xlg.jpg\" alt=\"paranormal_activity_xlg\" width=\"419\" height=\"452\" \/><\/a><br \/>\n<\/span><\/strong><\/span><\/p>\n<p style=\"text-align: justify\"><span style=\"color: #000000\">El director del nuevo proyecto ser\u00e1 Kevin Greutert, el mismo de Saw VI.<\/span><\/p>\n<p style=\"text-align: justify\"><span style=\"color: #000000\">El filme de terror 'Paranormal Activity\u2019 , que cost\u00f3 15.000 d\u00f3lares y se convirti\u00f3 en el \u00e9xito independiente del 2009 tras recaudar 151 millones de d\u00f3lares, tendr\u00e1 una segunda parte, inform\u00f3 la revista The Hollywood Reporter.<\/span><\/p>\n<p style=\"text-align: justify\"><span style=\"color: #000000\">Los estudios Paramount contrataron a Kevin Greutert (Saw VI) como director y Michael R. Perry como guionista del proyecto, que se estrenar\u00e1 en EE.UU. el 22 de octubre, fecha para la que est\u00e1 prevista la llegada de la s\u00e9ptima entrega de la saga 'Saw\u2019 <\/span><\/p>\n<p style=\"text-align: justify\"><span style=\"color: #000000\">Precisamente, Greutert hizo su debut como director en la sexta parte de 'Saw\u2019 , que ingres\u00f3 31 millones de d\u00f3lares en todo el mundo, la menor cifra obtenida por una de las pel\u00edculas de esa franquicia.<\/span><\/p>\n<p style=\"text-align: justify\"><span style=\"color: #000000\">Oren Peli, director de la primera parte, ejercer\u00e1 como productor en esta segunda entrega.<\/span><\/p>\n<p style=\"text-align: justify\"><span style=\"color: #000000\">Esta gente sabe lo que hace y los admiradores de la primera parte no saldr\u00e1n decepcionados dijo Peli sobre la participaci\u00f3n de Greutert y Perry.<\/span><\/p>\n<p style=\"text-align: justify\"><span style=\"color: #000000\">Por el momento se desconoce la l\u00ednea argumental de esta nueva entrega, as\u00ed como su t\u00edtulo.<\/span><\/p>\n<p style=\"text-align: justify\"><span style=\"color: #000000\">El pasado mes y a ra\u00edz del sorprendente \u00e9xito de 'Paranormal Activity\u2019 , el presidente de Paramount, Adam Goodman, aprob\u00f3 una iniciativa por la cual su grupo gastar\u00eda un mill\u00f3n de d\u00f3lares cada a\u00f1o para 10 o 20 proyectos similares que cuesten menos de 100.000 d\u00f3lares.<\/span><\/p>\n<p style=\"text-align: justify\"><span style=\"color: #000000\">Paramount, para no correr riesgos innecesarios, ide\u00f3 en el caso de 'Paranormal Activity\u2019 una estrategia de distribuci\u00f3n en funci\u00f3n de la demanda, y a medida que m\u00e1s gente fue pidiendo en Internet que quer\u00eda ver la pel\u00edcula en su ciudad, la compa\u00f1\u00eda fue ampliando la red de cines donde se proyectaba.<\/span><\/p>\n<p style=\"text-align: justify\"><span style=\"color: #000000\">En Colombia 'Paranormal Activity\u2019 se estren\u00f3 el pasado primero de enero y en tres semanas ha sido vista por 313.450 personas. El filme cuenta la historia de una joven pareja reci\u00e9n mudada a San Diego que sospecha que en su nuevo hogar habita una presencia demoniaca.<\/span><\/p>\n<p style=\"text-align: justify\"><span style=\"color: #000000\">Asustados por los extra\u00f1os sucesos que comienzan a presenciar, los novios deciden grabar en v\u00eddeo todo lo que sucede a su alrededor, incluso por la noche.<\/span><\/p>\n<p style=\"text-align: justify\"><span style=\"color: #000000\">Paramount estrenar\u00e1 este a\u00f1o la segunda cinta de Peli, llamada 'Area 51\u2032 , ahora en fase de postproducci\u00f3n.<\/span><\/p>\n","protected":false},"excerpt":{"rendered":"<p>Tendr\u00e1 segunda parte :'Paranormal Activity' El director del nuevo proyecto ser\u00e1 Kevin Greutert, el mismo de Saw VI. El filme de terror 'Paranormal Activity\u2019 , que cost\u00f3 15.000 d\u00f3lares y se convirti\u00f3 en el \u00e9xito independiente del 2009 tras recaudar 151 millones de d\u00f3lares, tendr\u00e1 una segunda parte, inform\u00f3 la revista The Hollywood Reporter. Los [&hellip;]<\/p>\n","protected":false},"author":3394,"featured_media":0,"comment_status":"open","ping_status":"open","sticky":false,"template":"","format":"standard","meta":{"footnotes":""},"categories":[557],"tags":[15451,15452,15454,15453,15455],"class_list":["post-299","post","type-post","status-publish","format-standard","hentry","category-cine","tag-actividad","tag-parrmal","tag-parte","tag-segunda","tag-tendra"],"_links":{"self":[{"href":"https:\/\/blog.espol.edu.ec\/arnaldoalfonzo\/wp-json\/wp\/v2\/posts\/299","targetHints":{"allow":["GET"]}}],"collection":[{"href":"https:\/\/blog.espol.edu.ec\/arnaldoalfonzo\/wp-json\/wp\/v2\/posts"}],"about":[{"href":"https:\/\/blog.espol.edu.ec\/arnaldoalfonzo\/wp-json\/wp\/v2\/types\/post"}],"author":[{"embeddable":true,"href":"https:\/\/blog.espol.edu.ec\/arnaldoalfonzo\/wp-json\/wp\/v2\/users\/3394"}],"replies":[{"embeddable":true,"href":"https:\/\/blog.espol.edu.ec\/arnaldoalfonzo\/wp-json\/wp\/v2\/comments?post=299"}],"version-history":[{"count":13,"href":"https:\/\/blog.espol.edu.ec\/arnaldoalfonzo\/wp-json\/wp\/v2\/posts\/299\/revisions"}],"predecessor-version":[{"id":313,"href":"https:\/\/blog.espol.edu.ec\/arnaldoalfonzo\/wp-json\/wp\/v2\/posts\/299\/revisions\/313"}],"wp:attachment":[{"href":"https:\/\/blog.espol.edu.ec\/arnaldoalfonzo\/wp-json\/wp\/v2\/media?parent=299"}],"wp:term":[{"taxonomy":"category","embeddable":true,"href":"https:\/\/blog.espol.edu.ec\/arnaldoalfonzo\/wp-json\/wp\/v2\/categories?post=299"},{"taxonomy":"post_tag","embeddable":true,"href":"https:\/\/blog.espol.edu.ec\/arnaldoalfonzo\/wp-json\/wp\/v2\/tags?post=299"}],"curies":[{"name":"wp","href":"https:\/\/api.w.org\/{rel}","templated":true}]}}