{"id":314,"date":"2010-01-26T15:08:06","date_gmt":"2010-01-26T20:08:06","guid":{"rendered":"http:\/\/blog.espol.edu.ec\/arnaldoalfonzo\/?p=314"},"modified":"2010-01-26T15:08:58","modified_gmt":"2010-01-26T20:08:58","slug":"314","status":"publish","type":"post","link":"https:\/\/blog.espol.edu.ec\/arnaldoalfonzo\/2010\/01\/26\/314\/","title":{"rendered":""},"content":{"rendered":"<p style=\"text-align: center\"><strong><span style=\"color: #000000\">Salvador Caba\u00f1as recibe un impacto de bala en la cabeza<\/span><\/strong><\/p>\n<p style=\"text-align: center\"><strong><span style=\"color: #000000\"><a rel=\"attachment wp-att-315\" href=\"http:\/\/blog.espol.edu.ec\/arnaldoalfonzo\/2010\/01\/26\/314\/attachment\/1264433649361\/\"><img loading=\"lazy\" decoding=\"async\" class=\"aligncenter size-full wp-image-315\" src=\"http:\/\/blog.espol.edu.ec\/arnaldoalfonzo\/files\/2010\/01\/1264433649361.jpg\" alt=\"1264433649361\" width=\"625\" height=\"300\" srcset=\"https:\/\/blog.espol.edu.ec\/arnaldoalfonzo\/files\/2010\/01\/1264433649361.jpg 625w, https:\/\/blog.espol.edu.ec\/arnaldoalfonzo\/files\/2010\/01\/1264433649361-300x144.jpg 300w\" sizes=\"auto, (max-width: 625px) 100vw, 625px\" \/><\/a><br \/>\n<\/span><\/strong><\/p>\n<p style=\"text-align: justify\"><img decoding=\"async\" src=\"\/DOCUME~1\/LICRED~1.PHO\/CONFIG~1\/Temp\/moz-screenshot.jpg\" alt=\"\" \/><span style=\"color: #000000\">El goleador paraguayo de las \u00c1guilas del Am\u00e9rica, Salvador Caba\u00f1as, recibi\u00f3 un impacto de bala\u00a0en la cabeza, por lo que fue trasladado al Hospital Los \u00c1ngeles en el sur de la Ciudad, en donde a\u00fan no se conoce el parte m\u00e9dico oficial, aunque los pron\u00f3sticos son muy graves. <\/span><\/p>\n<p style=\"text-align: justify\"><span style=\"color: #000000\"> Los hechos ocurrieron, seg\u00fan las primeras versiones, alrededor de las 5:30 horas, en un bar del sur de la ciudad de M\u00e9xico, en el que el paraguayo se encontraba junto con unos amigos y su esposa, y en donde se inici\u00f3 una ri\u00f1a que culmin\u00f3 con una balacera, en la que sali\u00f3 herido Caba\u00f1as. <\/span><\/p>\n<p style=\"text-align: justify\"><span style=\"color: #000000\"> De inmediato lleg\u00f3 la ambulancia de protecci\u00f3n civil, quien lo llev\u00f3 al nosocomio, en donde llegaron su mam\u00e1 y su esposa, quienes no han querido dar declaraciones. <\/span><\/p>\n<p style=\"text-align: center\"><object width=\"425\" height=\"344\" data=\"http:\/\/www.youtube.com\/v\/wRewsxSzmO4&amp;hl=es_ES&amp;fs=1&amp;\" type=\"application\/x-shockwave-flash\"><param name=\"allowFullScreen\" value=\"true\" \/><param name=\"allowscriptaccess\" value=\"always\" \/><param name=\"src\" value=\"http:\/\/www.youtube.com\/v\/wRewsxSzmO4&amp;hl=es_ES&amp;fs=1&amp;\" \/><param name=\"allowfullscreen\" value=\"true\" \/><\/object><\/p>\n","protected":false},"excerpt":{"rendered":"<p>Salvador Caba\u00f1as recibe un impacto de bala en la cabeza El goleador paraguayo de las \u00c1guilas del Am\u00e9rica, Salvador Caba\u00f1as, recibi\u00f3 un impacto de bala\u00a0en la cabeza, por lo que fue trasladado al Hospital Los \u00c1ngeles en el sur de la Ciudad, en donde a\u00fan no se conoce el parte m\u00e9dico oficial, aunque los pron\u00f3sticos [&hellip;]<\/p>\n","protected":false},"author":3394,"featured_media":0,"comment_status":"open","ping_status":"open","sticky":false,"template":"","format":"standard","meta":{"footnotes":""},"categories":[378],"tags":[15589,15587,624,4952,15588,15586],"class_list":["post-314","post","type-post","status-publish","format-standard","hentry","category-deportes","tag-bala","tag-cabanasrecibe","tag-de","tag-en","tag-impacto","tag-salvador-cabanas"],"_links":{"self":[{"href":"https:\/\/blog.espol.edu.ec\/arnaldoalfonzo\/wp-json\/wp\/v2\/posts\/314","targetHints":{"allow":["GET"]}}],"collection":[{"href":"https:\/\/blog.espol.edu.ec\/arnaldoalfonzo\/wp-json\/wp\/v2\/posts"}],"about":[{"href":"https:\/\/blog.espol.edu.ec\/arnaldoalfonzo\/wp-json\/wp\/v2\/types\/post"}],"author":[{"embeddable":true,"href":"https:\/\/blog.espol.edu.ec\/arnaldoalfonzo\/wp-json\/wp\/v2\/users\/3394"}],"replies":[{"embeddable":true,"href":"https:\/\/blog.espol.edu.ec\/arnaldoalfonzo\/wp-json\/wp\/v2\/comments?post=314"}],"version-history":[{"count":8,"href":"https:\/\/blog.espol.edu.ec\/arnaldoalfonzo\/wp-json\/wp\/v2\/posts\/314\/revisions"}],"predecessor-version":[{"id":323,"href":"https:\/\/blog.espol.edu.ec\/arnaldoalfonzo\/wp-json\/wp\/v2\/posts\/314\/revisions\/323"}],"wp:attachment":[{"href":"https:\/\/blog.espol.edu.ec\/arnaldoalfonzo\/wp-json\/wp\/v2\/media?parent=314"}],"wp:term":[{"taxonomy":"category","embeddable":true,"href":"https:\/\/blog.espol.edu.ec\/arnaldoalfonzo\/wp-json\/wp\/v2\/categories?post=314"},{"taxonomy":"post_tag","embeddable":true,"href":"https:\/\/blog.espol.edu.ec\/arnaldoalfonzo\/wp-json\/wp\/v2\/tags?post=314"}],"curies":[{"name":"wp","href":"https:\/\/api.w.org\/{rel}","templated":true}]}}