{"id":324,"date":"2010-01-28T13:35:20","date_gmt":"2010-01-28T18:35:20","guid":{"rendered":"http:\/\/blog.espol.edu.ec\/arnaldoalfonzo\/?p=324"},"modified":"2010-01-28T13:35:54","modified_gmt":"2010-01-28T18:35:54","slug":"324","status":"publish","type":"post","link":"https:\/\/blog.espol.edu.ec\/arnaldoalfonzo\/2010\/01\/28\/324\/","title":{"rendered":""},"content":{"rendered":"<h1 style=\"text-align: center\"><span style=\"color: #000000\">Salud de Salvador Caba\u00f1as se agrava<\/span><\/h1>\n<p><span style=\"color: #000000\"><br \/>\n<\/span><\/p>\n<p style=\"text-align: justify\"><span style=\"color: #000000\">La recuperaci\u00f3n de Salvador Caba\u00f1as atraviesa por su momento m\u00e1s cr\u00edtico al cumplirse hoy las 72 horas de haber sido operado tras recibir un disparo en la cabeza.<\/span><\/p>\n<p style=\"text-align: justify\"><span style=\"color: #000000\">El neurocirujano, Ernesto Mart\u00ednez, dijo que el edema cerebral aument\u00f3 m\u00e1s de lo esperado, por lo que ser\u00eda necesario sedarlo.<\/span><\/p>\n<p style=\"text-align: justify\"><span style=\"color: #000000\">\"La estabilizaci\u00f3n nos da tranquilidad y mantener la presi\u00f3n intracraneal en rangos normales nos asegura una buena circulaci\u00f3n al cerebro\" explic\u00f3 Mart\u00ednez Duhart a El Universal.<\/span><\/p>\n<p style=\"text-align: justify\"><span style=\"color: #000000\">Caba\u00f1as seguir\u00e1 sedado hasta que la inflamaci\u00f3n disminuya. Reconoci\u00f3 que se le intent\u00f3 despertar \" \"pero no lo hemos vuelto a intentar porque no resulta conveniente\".<\/span><\/p>\n<p style=\"text-align: justify\"><span style=\"color: #000000\">Respecto a la investigaci\u00f3n judicial, la Procuradur\u00eda mexicana arraig\u00f3 a siete empleados del Bar-Bar.<\/span><\/p>\n<p style=\"text-align: justify\"><span style=\"color: #000000\">\"Por no colaborar con las autoridades y caer en contradicciones, cadeneros, vigilantes, meseros, el gerente y el afanador de los ba\u00f1os, desde ayer se encuentran en calidad de inculpados\", destaca el citado medio.<\/span><\/p>\n","protected":false},"excerpt":{"rendered":"<p>Salud de Salvador Caba\u00f1as se agrava La recuperaci\u00f3n de Salvador Caba\u00f1as atraviesa por su momento m\u00e1s cr\u00edtico al cumplirse hoy las 72 horas de haber sido operado tras recibir un disparo en la cabeza. El neurocirujano, Ernesto Mart\u00ednez, dijo que el edema cerebral aument\u00f3 m\u00e1s de lo esperado, por lo que ser\u00eda necesario sedarlo. \"La [&hellip;]<\/p>\n","protected":false},"author":3394,"featured_media":0,"comment_status":"open","ping_status":"open","sticky":false,"template":"","format":"standard","meta":{"footnotes":""},"categories":[378],"tags":[15625,15624,624,15622,15623,13384],"class_list":["post-324","post","type-post","status-publish","format-standard","hentry","category-deportes","tag-agrava","tag-cabanas","tag-de","tag-salu","tag-salvador","tag-se"],"_links":{"self":[{"href":"https:\/\/blog.espol.edu.ec\/arnaldoalfonzo\/wp-json\/wp\/v2\/posts\/324","targetHints":{"allow":["GET"]}}],"collection":[{"href":"https:\/\/blog.espol.edu.ec\/arnaldoalfonzo\/wp-json\/wp\/v2\/posts"}],"about":[{"href":"https:\/\/blog.espol.edu.ec\/arnaldoalfonzo\/wp-json\/wp\/v2\/types\/post"}],"author":[{"embeddable":true,"href":"https:\/\/blog.espol.edu.ec\/arnaldoalfonzo\/wp-json\/wp\/v2\/users\/3394"}],"replies":[{"embeddable":true,"href":"https:\/\/blog.espol.edu.ec\/arnaldoalfonzo\/wp-json\/wp\/v2\/comments?post=324"}],"version-history":[{"count":2,"href":"https:\/\/blog.espol.edu.ec\/arnaldoalfonzo\/wp-json\/wp\/v2\/posts\/324\/revisions"}],"predecessor-version":[{"id":326,"href":"https:\/\/blog.espol.edu.ec\/arnaldoalfonzo\/wp-json\/wp\/v2\/posts\/324\/revisions\/326"}],"wp:attachment":[{"href":"https:\/\/blog.espol.edu.ec\/arnaldoalfonzo\/wp-json\/wp\/v2\/media?parent=324"}],"wp:term":[{"taxonomy":"category","embeddable":true,"href":"https:\/\/blog.espol.edu.ec\/arnaldoalfonzo\/wp-json\/wp\/v2\/categories?post=324"},{"taxonomy":"post_tag","embeddable":true,"href":"https:\/\/blog.espol.edu.ec\/arnaldoalfonzo\/wp-json\/wp\/v2\/tags?post=324"}],"curies":[{"name":"wp","href":"https:\/\/api.w.org\/{rel}","templated":true}]}}