{"id":355,"date":"2010-02-12T15:38:52","date_gmt":"2010-02-12T20:38:52","guid":{"rendered":"http:\/\/blog.espol.edu.ec\/arnaldoalfonzo\/?p=355"},"modified":"2010-02-12T15:38:53","modified_gmt":"2010-02-12T20:38:53","slug":"355","status":"publish","type":"post","link":"https:\/\/blog.espol.edu.ec\/arnaldoalfonzo\/2010\/02\/12\/355\/","title":{"rendered":""},"content":{"rendered":"<p style=\"text-align: center\"><strong><span style=\"color: #000000\">Barcelona listo para medir al Macara<\/span><\/strong><\/p>\n<p style=\"text-align: center\"><strong><span style=\"color: #000000\"><a rel=\"attachment wp-att-356\" href=\"http:\/\/blog.espol.edu.ec\/arnaldoalfonzo\/2010\/02\/12\/355\/juansamudio\/\"><img loading=\"lazy\" decoding=\"async\" class=\"aligncenter size-full wp-image-356\" src=\"http:\/\/blog.espol.edu.ec\/arnaldoalfonzo\/files\/2010\/02\/juansamudio.jpg\" alt=\"juansamudio\" width=\"408\" height=\"305\" srcset=\"https:\/\/blog.espol.edu.ec\/arnaldoalfonzo\/files\/2010\/02\/juansamudio.jpg 408w, https:\/\/blog.espol.edu.ec\/arnaldoalfonzo\/files\/2010\/02\/juansamudio-300x224.jpg 300w\" sizes=\"auto, (max-width: 408px) 100vw, 408px\" \/><\/a><\/span><\/strong><\/p>\n<p style=\"text-align: justify\"><span style=\"color: #000000\">Esta ma\u00f1ana el cuadro canario entren\u00f3 en la cancha de la Universidad Internacional. Es un hecho que Mat\u00edas Oyola salt\u00e9 al campo como titular al igual que Luis Bola\u00f1os quien ya fue habilitado en la FEF. El otro lado de la moneda es la que vive Pablo Palacios quien tiene una lesi\u00f3n y es tomado en cuenta para el viaje a Guayaquil...<\/span><\/p>\n<p style=\"text-align: justify\"><span style=\"color: #000000\">El t\u00e9cnico Juan Manuel Llop ha centrado su trabajo en buscar la alineaci\u00f3n perfecta con los jugadores con los que cuenta. Dos buenas noticias y una no tan mala se dieron durante esta semana de trabajo en el cuadro amarillo.<\/span><\/p>\n<p style=\"text-align: justify\"><span style=\"color: #000000\">Se recuper\u00f3 totalmente Mat\u00edas Oyola y aparece en la lista de jugadores titulares, otro quien ya saltar\u00e1 al campo de juego y se estrenar\u00e1 en el campeonato nacional es Luis Bola\u00f1os quien ya fue habilitado por la FEF el pasado martes en la reuni\u00f3n de la FEF; quien no es tomado en cuenta para el viaje a Guayaquil es el delantero Pablo Palacios quien sufre de una leve lesi\u00f3n.<\/span><\/p>\n<p style=\"text-align: justify\"><span style=\"color: #000000\">La oncena que presentar\u00e1 Llop es la siguiente: m\u00e1ximo Bonguera en el arco; Omar de Jes\u00fas, Jos\u00e9 Luis Perlaza, Jefferson Hurtado, Giovanni Nazareno en la defensa; el medio campo estar\u00e1 poblado por: Dennis Qui\u00f1\u00f3nez, Fernando Hidalgo, Mat\u00edas Oyola, Luis Bola\u00f1os y los delanteros ser\u00e1n: Luis Mac\u00edas, Juan Samudio.<\/span><\/p>\n<p style=\"text-align: justify\">\u00a0<\/p>\n","protected":false},"excerpt":{"rendered":"<p>Barcelona listo para medir al Macara Esta ma\u00f1ana el cuadro canario entren\u00f3 en la cancha de la Universidad Internacional. Es un hecho que Mat\u00edas Oyola salt\u00e9 al campo como titular al igual que Luis Bola\u00f1os quien ya fue habilitado en la FEF. El otro lado de la moneda es la que vive Pablo Palacios quien [&hellip;]<\/p>\n","protected":false},"author":3394,"featured_media":0,"comment_status":"open","ping_status":"open","sticky":false,"template":"","format":"standard","meta":{"footnotes":""},"categories":[378],"tags":[10000,15948,62,624,15983,15986,15985,15984],"class_list":["post-355","post","type-post","status-publish","format-standard","hentry","category-deportes","tag-al","tag-ambato","tag-barcelona","tag-de","tag-listo","tag-macara","tag-medir","tag-para"],"_links":{"self":[{"href":"https:\/\/blog.espol.edu.ec\/arnaldoalfonzo\/wp-json\/wp\/v2\/posts\/355","targetHints":{"allow":["GET"]}}],"collection":[{"href":"https:\/\/blog.espol.edu.ec\/arnaldoalfonzo\/wp-json\/wp\/v2\/posts"}],"about":[{"href":"https:\/\/blog.espol.edu.ec\/arnaldoalfonzo\/wp-json\/wp\/v2\/types\/post"}],"author":[{"embeddable":true,"href":"https:\/\/blog.espol.edu.ec\/arnaldoalfonzo\/wp-json\/wp\/v2\/users\/3394"}],"replies":[{"embeddable":true,"href":"https:\/\/blog.espol.edu.ec\/arnaldoalfonzo\/wp-json\/wp\/v2\/comments?post=355"}],"version-history":[{"count":6,"href":"https:\/\/blog.espol.edu.ec\/arnaldoalfonzo\/wp-json\/wp\/v2\/posts\/355\/revisions"}],"predecessor-version":[{"id":362,"href":"https:\/\/blog.espol.edu.ec\/arnaldoalfonzo\/wp-json\/wp\/v2\/posts\/355\/revisions\/362"}],"wp:attachment":[{"href":"https:\/\/blog.espol.edu.ec\/arnaldoalfonzo\/wp-json\/wp\/v2\/media?parent=355"}],"wp:term":[{"taxonomy":"category","embeddable":true,"href":"https:\/\/blog.espol.edu.ec\/arnaldoalfonzo\/wp-json\/wp\/v2\/categories?post=355"},{"taxonomy":"post_tag","embeddable":true,"href":"https:\/\/blog.espol.edu.ec\/arnaldoalfonzo\/wp-json\/wp\/v2\/tags?post=355"}],"curies":[{"name":"wp","href":"https:\/\/api.w.org\/{rel}","templated":true}]}}