{"id":363,"date":"2010-02-14T11:59:27","date_gmt":"2010-02-14T16:59:27","guid":{"rendered":"http:\/\/blog.espol.edu.ec\/arnaldoalfonzo\/?p=363"},"modified":"2010-02-14T12:00:20","modified_gmt":"2010-02-14T17:00:20","slug":"363","status":"publish","type":"post","link":"https:\/\/blog.espol.edu.ec\/arnaldoalfonzo\/2010\/02\/14\/363\/","title":{"rendered":""},"content":{"rendered":"<p style=\"text-align: center\"><span style=\"color: black\"><span style=\"font-size: small\"><span style=\"color: #000000\"><strong>Barcelona vence al Macara<\/strong><\/span><\/span><\/span><\/p>\n<p style=\"text-align: justify\"><span style=\"color: black\"><span style=\"font-size: small\"><span style=\"color: #000000\">Barcelona gana y convence con su accionar. Esta vez venci\u00f3 2 a 0 al Macar\u00e1, en partido jugado la noche de hoy s\u00e1bado, en el estadio Monumental. Suma seis puntos y se convierte en el l\u00edder en la segunda fecha del Campeonato Ecuatoriano de F\u00fatbol.<\/span><\/span><\/span><\/p>\n<p style=\"text-align: justify\"><span style=\"color: black\"><span style=\"font-size: small\"><span style=\"color: #000000\">El primer tiempo del compromiso fue de juego veloz con salidas contin\u00faas por las puntas por parte de ambos equipos, habilidad para recuperar el bal\u00f3n y proyectarse al contragolpe.<\/span><\/span><\/span><\/p>\n<p style=\"text-align: justify\"><span style=\"color: black\"><span style=\"font-size: small\"><span style=\"color: #000000\">Fue el cuadro canario el que mostr\u00f3 mayor avance ofensivo. As\u00ed desde el minuto 14 los ingresos continuos al \u00e1rea causaron m\u00e1s de un susto a los ambate\u00f1os. Luis Bola\u00f1os y Juan Samudio complicaron la vida a los defensores visitantes pero sin la suerte de la conquista, por la carencia de orden en la llegada.<\/span><\/span><\/span><\/p>\n<p style=\"text-align: justify\"><span style=\"color: black\"><span style=\"font-size: small\"><span style=\"color: #000000\">El cuadro guaytambo cont\u00f3 con menos oportunidades para atacar con peligro, siempre llevado por Juan Carlos Ferreyra. El conjunto dirigido por V\u00edctor Marchesinni prefiri\u00f3 actuar con cautela en el manejo del bal\u00f3n.\u00a0<\/span><\/span><\/span><\/p>\n<p style=\"text-align: justify\"><span style=\"color: black\"><span style=\"font-size: small\"><span style=\"color: #000000\">A medida que transcurr\u00eda el tiempo, el partido se jugaba con mayor intensidad, pero tambi\u00e9n con brusquedad, de ah\u00ed las continuas faltas que le quitaron la velocidad impregnada en el principio de las acciones. Con un empate sin goles de beneficio para la visita, finaliz\u00f3 el primer per\u00edodo.<\/span><\/span><\/span><\/p>\n<p class=\"MsoNormal\" style=\"margin: 0cm 0cm 0pt;text-align: justify\"><span style=\"font-size: small\"><span style=\"color: #000000\"><strong>Y llegaron los goles<\/strong><\/span><\/span><\/p>\n<p style=\"text-align: justify\"><span style=\"color: black\"><span style=\"font-size: small\"><span style=\"color: #000000\">Para el segundo tiempo los equipos ingresaron con poco \u00edmpetu, sin la voluntad para hacerse da\u00f1o, se avizoraba m\u00e1s contenci\u00f3n que despliegue en ofensiva, hasta que Barcelona despert\u00f3 y decidi\u00f3 volver a insistir con sus delanteros.<\/span><\/span><\/span><\/p>\n<p style=\"text-align: justify\"><span style=\"color: black\"><span style=\"font-size: small\"><span style=\"color: #000000\">A los 66 minutos, Luis Bola\u00f1os se bautiz\u00f3 con la camiseta amarilla al obtener la primera anotaci\u00f3n, con un potente remate desde fuera del \u00e1rea, \u00a0que dej\u00f3\u00a0como meros espectadores a los defensores del Macar\u00e1.<\/span><\/span><\/span><\/p>\n<p style=\"text-align: justify\"><span style=\"color: black\"><span style=\"font-size: small\"><span style=\"color: #000000\">Con el \u00e1nimo en alto apoyado por la euf\u00f3rica hinchada y la insistencia del t\u00e9cnico Juan Manuel LLop, el elenco due\u00f1o de casa se volc\u00f3 por completo hacia el reducto contrario. Al minuto 71, apareci\u00f3 Juan Samudio, para hacer honor a su ardua labor durante su permanencia en cancha, consigui\u00f3 el segundo gol, luego de recibir un centro de Vinicio Angulo.<\/span><\/span><\/span><\/p>\n<p class=\"MsoNormal\" style=\"margin: 0cm 0cm 0pt;text-align: justify\"><span style=\"color: #000000\"><span style=\"font-size: small\">Cuando se jugaban adicionales, \u00c1ngulo se perdi\u00f3 la oportunidad de convertir la tercera anotaci\u00f3n. El conjunto torero gan\u00f3 y se adue\u00f1\u00f3 de la punta del campeonato<\/span><span style=\"font-size: 10pt;font-family: Verdana\">.<\/span><\/span><\/p>\n<p class=\"MsoNormal\" style=\"margin: 0cm 0cm 0pt;text-align: justify\"><span style=\"font-size: small;font-family: Times New Roman\">\u00a0<\/span><\/p>\n<p style=\"text-align: center\"><object width=\"425\" height=\"344\" data=\"http:\/\/www.youtube.com\/v\/15-sCa2JEHs&amp;hl=en_US&amp;fs=1&amp;\" type=\"application\/x-shockwave-flash\"><param name=\"allowFullScreen\" value=\"true\" \/><param name=\"allowscriptaccess\" value=\"always\" \/><param name=\"src\" value=\"http:\/\/www.youtube.com\/v\/15-sCa2JEHs&amp;hl=en_US&amp;fs=1&amp;\" \/><param name=\"allowfullscreen\" value=\"true\" \/><\/object><\/p>\n","protected":false},"excerpt":{"rendered":"<p>Barcelona vence al Macara Barcelona gana y convence con su accionar. Esta vez venci\u00f3 2 a 0 al Macar\u00e1, en partido jugado la noche de hoy s\u00e1bado, en el estadio Monumental. Suma seis puntos y se convierte en el l\u00edder en la segunda fecha del Campeonato Ecuatoriano de F\u00fatbol. El primer tiempo del compromiso fue [&hellip;]<\/p>\n","protected":false},"author":3394,"featured_media":0,"comment_status":"open","ping_status":"open","sticky":false,"template":"","format":"standard","meta":{"footnotes":""},"categories":[378],"tags":[10000,62,16017,4952,13730,16016,259,15986,16018],"class_list":["post-363","post","type-post","status-publish","format-standard","hentry","category-deportes","tag-al","tag-barcelona","tag-elo","tag-en","tag-estadio","tag-gana","tag-guayaquil","tag-macara","tag-monumental"],"_links":{"self":[{"href":"https:\/\/blog.espol.edu.ec\/arnaldoalfonzo\/wp-json\/wp\/v2\/posts\/363","targetHints":{"allow":["GET"]}}],"collection":[{"href":"https:\/\/blog.espol.edu.ec\/arnaldoalfonzo\/wp-json\/wp\/v2\/posts"}],"about":[{"href":"https:\/\/blog.espol.edu.ec\/arnaldoalfonzo\/wp-json\/wp\/v2\/types\/post"}],"author":[{"embeddable":true,"href":"https:\/\/blog.espol.edu.ec\/arnaldoalfonzo\/wp-json\/wp\/v2\/users\/3394"}],"replies":[{"embeddable":true,"href":"https:\/\/blog.espol.edu.ec\/arnaldoalfonzo\/wp-json\/wp\/v2\/comments?post=363"}],"version-history":[{"count":3,"href":"https:\/\/blog.espol.edu.ec\/arnaldoalfonzo\/wp-json\/wp\/v2\/posts\/363\/revisions"}],"predecessor-version":[{"id":366,"href":"https:\/\/blog.espol.edu.ec\/arnaldoalfonzo\/wp-json\/wp\/v2\/posts\/363\/revisions\/366"}],"wp:attachment":[{"href":"https:\/\/blog.espol.edu.ec\/arnaldoalfonzo\/wp-json\/wp\/v2\/media?parent=363"}],"wp:term":[{"taxonomy":"category","embeddable":true,"href":"https:\/\/blog.espol.edu.ec\/arnaldoalfonzo\/wp-json\/wp\/v2\/categories?post=363"},{"taxonomy":"post_tag","embeddable":true,"href":"https:\/\/blog.espol.edu.ec\/arnaldoalfonzo\/wp-json\/wp\/v2\/tags?post=363"}],"curies":[{"name":"wp","href":"https:\/\/api.w.org\/{rel}","templated":true}]}}