{"id":79,"date":"2009-12-15T09:50:53","date_gmt":"2009-12-15T14:50:53","guid":{"rendered":"http:\/\/blog.espol.edu.ec\/arnaldoalfonzo\/?p=79"},"modified":"2009-12-15T09:50:53","modified_gmt":"2009-12-15T14:50:53","slug":"79","status":"publish","type":"post","link":"https:\/\/blog.espol.edu.ec\/arnaldoalfonzo\/2009\/12\/15\/79\/","title":{"rendered":""},"content":{"rendered":"<p align=\"center\"><strong><em> Barcelona va por la Copa - Mundial de Clubes 2009<\/em><\/strong><\/p>\n<p style=\"text-align: center\" align=\"center\"><strong><em><img decoding=\"async\" class=\"aligncenter\" src=\"http:\/\/estaticos02.marca.com\/imagenes\/2009\/11\/11\/futbol\/futbol_internacional\/1257958436_0.jpg\" alt=\"\" \/><\/em><\/strong><\/p>\n<p><em>Tendr\u00e1 hoy pr\u00e1ctica doble de cara a juego contra Atlante<\/em><\/p>\n<p><em>ABU DHABI (Notimex).- Luego de un largo viaje que dur\u00f3 casi ocho horas, el Barcelona, con los mexicanos Rafael M\u00e1rquez y Jonathan dos Santos, arrib\u00f3 a Emiratos Arabes Unidos para disputar el Mundial de Clubes 2009.<\/em><\/p>\n<p><em>Con el firme objetivo de hacer historia y conquistar todos los trofeos posibles en un mismo a\u00f1o, cada uno de los elementos catalanes abandon\u00f3 el avi\u00f3n, encabezados por el presidente del club, Joan Laporta.<\/em><\/p>\n<p><em>Una amplia expedici\u00f3n acompa\u00f1\u00f3 al Barca ya que tambi\u00e9n hicieron el viaje en la misma aeronave algunos familiares de jugadores, as\u00ed como directivos, quienes han sido parte importante del cuadro catal\u00e1n.<\/em><\/p>\n<p><em>El plantel del Barcelona fue recibido por varios aficionados, luego se dirigi\u00f3 a un coctel de bienvenida y posteriormente al hotel de concentraci\u00f3n donde permanecer\u00e1 hasta el 19 de diciembre.<\/em><\/p>\n<p><em>Los catalanes comenzar\u00e1n la actividad en el Mundial de Clubes 2009 este mi\u00e9rcoles frente al Atlante de M\u00e9xico, en duelo de semifinales, y de cara a ese encuentro hoy se preparar\u00e1n a doble sesi\u00f3n.<\/em><\/p>\n<p><em>As\u00ed lo decidi\u00f3 el estratega Josep Guardiola, quien a\u00fan no sabe si su figura, el argentino Lionel Messi, estar\u00e1 disponible para el encuentro frente a los Potros de Hierro.<\/em><\/p>\n<p><em><br \/>\n<\/em><\/p>\n","protected":false},"excerpt":{"rendered":"<p>Barcelona va por la Copa - Mundial de Clubes 2009 Tendr\u00e1 hoy pr\u00e1ctica doble de cara a juego contra Atlante ABU DHABI (Notimex).- Luego de un largo viaje que dur\u00f3 casi ocho horas, el Barcelona, con los mexicanos Rafael M\u00e1rquez y Jonathan dos Santos, arrib\u00f3 a Emiratos Arabes Unidos para disputar el Mundial de Clubes [&hellip;]<\/p>\n","protected":false},"author":3394,"featured_media":0,"comment_status":"open","ping_status":"open","sticky":false,"template":"","format":"standard","meta":{"footnotes":""},"categories":[378],"tags":[14230,62,14231,7423,14229],"class_list":["post-79","post","type-post","status-publish","format-standard","hentry","category-deportes","tag-atalante","tag-barcelona","tag-guardiola","tag-messi","tag-mundial-de-clubes"],"_links":{"self":[{"href":"https:\/\/blog.espol.edu.ec\/arnaldoalfonzo\/wp-json\/wp\/v2\/posts\/79","targetHints":{"allow":["GET"]}}],"collection":[{"href":"https:\/\/blog.espol.edu.ec\/arnaldoalfonzo\/wp-json\/wp\/v2\/posts"}],"about":[{"href":"https:\/\/blog.espol.edu.ec\/arnaldoalfonzo\/wp-json\/wp\/v2\/types\/post"}],"author":[{"embeddable":true,"href":"https:\/\/blog.espol.edu.ec\/arnaldoalfonzo\/wp-json\/wp\/v2\/users\/3394"}],"replies":[{"embeddable":true,"href":"https:\/\/blog.espol.edu.ec\/arnaldoalfonzo\/wp-json\/wp\/v2\/comments?post=79"}],"version-history":[{"count":2,"href":"https:\/\/blog.espol.edu.ec\/arnaldoalfonzo\/wp-json\/wp\/v2\/posts\/79\/revisions"}],"predecessor-version":[{"id":81,"href":"https:\/\/blog.espol.edu.ec\/arnaldoalfonzo\/wp-json\/wp\/v2\/posts\/79\/revisions\/81"}],"wp:attachment":[{"href":"https:\/\/blog.espol.edu.ec\/arnaldoalfonzo\/wp-json\/wp\/v2\/media?parent=79"}],"wp:term":[{"taxonomy":"category","embeddable":true,"href":"https:\/\/blog.espol.edu.ec\/arnaldoalfonzo\/wp-json\/wp\/v2\/categories?post=79"},{"taxonomy":"post_tag","embeddable":true,"href":"https:\/\/blog.espol.edu.ec\/arnaldoalfonzo\/wp-json\/wp\/v2\/tags?post=79"}],"curies":[{"name":"wp","href":"https:\/\/api.w.org\/{rel}","templated":true}]}}