{"id":85,"date":"2009-12-16T12:12:04","date_gmt":"2009-12-16T17:12:04","guid":{"rendered":"http:\/\/blog.espol.edu.ec\/arnaldoalfonzo\/?p=85"},"modified":"2009-12-16T12:15:16","modified_gmt":"2009-12-16T17:15:16","slug":"85","status":"publish","type":"post","link":"https:\/\/blog.espol.edu.ec\/arnaldoalfonzo\/2009\/12\/16\/85\/","title":{"rendered":""},"content":{"rendered":"<p align=\"center\"><!--[if gte mso 9]&gt;  Normal 0   21   false false false  ES X-NONE X-NONE              MicrosoftInternetExplorer4              &lt;![endif]--><!--[if gte mso 9]&gt;                                                                                                                                            &lt;![endif]--><\/p>\n<p class=\"MsoNormal\" style=\"text-align: center\" align=\"center\"><strong><span style=\"font-size: 14pt\">ESTRENOS 2010<\/span><\/strong><\/p>\n<p align=\"center\"><strong>Iron Man 2<\/strong><\/p>\n<p align=\"center\"><strong><br \/>\n<\/strong><\/p>\n<p style=\"text-align: center\" align=\"center\"><strong><a rel=\"attachment wp-att-88\" href=\"http:\/\/blog.espol.edu.ec\/arnaldoalfonzo\/2009\/12\/16\/85\/ironman21\/\"><img loading=\"lazy\" decoding=\"async\" class=\"size-full wp-image-88 aligncenter\" src=\"http:\/\/blog.espol.edu.ec\/arnaldoalfonzo\/files\/2009\/12\/ironman21.jpg\" alt=\"ironman21\" width=\"252\" height=\"359\" \/><\/a><br \/>\n<\/strong><\/p>\n<p style=\"text-align: justify\">\n<p style=\"text-align: justify\">\n<p style=\"text-align: justify\">\n<p style=\"text-align: justify\">\n<p style=\"text-align: justify\">\n<p style=\"text-align: justify\">\n<p style=\"text-align: justify\">\n<p style=\"text-align: justify\">\n<p style=\"text-align: justify\">\n<p style=\"text-align: justify\">\n<p style=\"text-align: justify\">\n<p style=\"text-align: justify\">\n<p style=\"text-align: justify\">\n<p style=\"text-align: justify\">\n<p style=\"text-align: justify\">\n<p style=\"text-align: justify\">\n<p style=\"text-align: justify\">\n<p style=\"text-align: justify\">\n<p style=\"text-align: justify\">\n<p style=\"text-align: justify\">\n<p style=\"text-align: justify\">\n<p style=\"text-align: justify\">\n<p style=\"text-align: justify\">\n<p style=\"text-align: justify\">\n<p style=\"text-align: justify\">SINOPSIS: Tras el \u00e9xito de \"Iron Man\", que en el fin de semana de su estreno recaud\u00f3 m\u00e1s de 200 millones de d\u00f3lares en todo el mundo, Marvel Studios confirm\u00f3 su secuela. En mayo de 2009, se publici\u00f3 la primera imagen oficial del rodaje de Iron Man 2, uno de los estrenos m\u00e1s esperados del pr\u00f3ximo a\u00f1o. Adem\u00e1s se van filtrando algunos detalles de la trama de la pel\u00edcula como la existencia una escena muy caliente entre Gwyneth Paltrow y Robert Downey Jr.\u00a0 Seg\u00fan revel\u00f3 el propio director despu\u00e9s de la pruebas de vestuario, la armadura ser\u00e1 mucho m\u00e1s flexible que la anterior y bastante m\u00e1s estilizada. No ha trascendido pr\u00e1cticamente nada de la trama y tampoco se ha conseguido todav\u00eda la imagen m\u00e1s esperada: Scarlett Johansson enfundada en el ajustado traje de combate de la Viuda Negra. Ella ser\u00e1 uno de los dos villanos al que tendr\u00e1 que enfrentarse el superh\u00e9roe en su segunda pel\u00edcula, el otro ser\u00e1 Dinamo, al que dar\u00e1 vida Mickey Rourke. Y aunque el hermetismo pretende ser total, algunos detalles se escapan de la coraza en la que Marvel intenta envolver todo el rodaje. El peri\u00f3dico brit\u00e1nico 'Daily Mail' informa que Gwyneth Paltrow, que encarna a la secretaria de Tony Stark, Pepper Potts, rodar\u00e1 una escena muy subidita de tono con Robert Downey Jr.<\/p>\n<p align=\"center\"><strong>Harry Potter y las reliquias de la muerte<\/strong><\/p>\n<p align=\"center\"><strong><br \/>\n<\/strong><\/p>\n<p style=\"text-align: center\" align=\"center\"><strong><a rel=\"attachment wp-att-89\" href=\"http:\/\/blog.espol.edu.ec\/arnaldoalfonzo\/2009\/12\/16\/85\/reliquias_de_la_muerte_pec\/\"><img loading=\"lazy\" decoding=\"async\" class=\"size-full wp-image-89 aligncenter\" src=\"http:\/\/blog.espol.edu.ec\/arnaldoalfonzo\/files\/2009\/12\/reliquias_de_la_muerte_pec.jpg\" alt=\"reliquias_de_la_muerte_pec\" width=\"299\" height=\"430\" \/><\/a><br \/>\n<\/strong><\/p>\n<p><strong> <\/strong><\/p>\n<p style=\"text-align: justify\">\n<p style=\"text-align: justify\">\n<p style=\"text-align: justify\">\n<p style=\"text-align: justify\">\n<p style=\"text-align: justify\">\n<p style=\"text-align: justify\">\n<p style=\"text-align: justify\">\n<p style=\"text-align: justify\">\n<p style=\"text-align: justify\">\n<p style=\"text-align: justify\">\n<p style=\"text-align: justify\">\n<p style=\"text-align: justify\">\n<p style=\"text-align: justify\">\n<p style=\"text-align: justify\">\n<p style=\"text-align: justify\">\n<p style=\"text-align: justify\">\n<p style=\"text-align: justify\">\n<p style=\"text-align: justify\">\n<p style=\"text-align: justify\">\n<p style=\"text-align: justify\">\n<p style=\"text-align: justify\">\n<p style=\"text-align: justify\">\n<p style=\"text-align: justify\">\n<p style=\"text-align: justify\">\n<p style=\"text-align: justify\">\n<p style=\"text-align: justify\">\n<p style=\"text-align: justify\">\n<p style=\"text-align: justify\">\n<p style=\"text-align: justify\">SINOPSIS: despu\u00e9s de tanto drama y suspense en la historia por fin se enfrentan voldemort y Harry, este lanza un hechizo contra Harry el cual cae desvalido, entre sollozos de sus amigos interrumpen los vivas porque Harry ha muerto, pero oh sorpresa, no est\u00e1 muerto solo muri\u00f3 la parte que tenia de voldemort (porque recordemos que cuando de ni\u00f1o al lanzarle el hechizo para matarlo por la protecci\u00f3n de su mama Lilly, varios de los poderes de voldemort los comparti\u00f3 con Harry), as\u00ed que solo est\u00e1 esperando el momento adecuado para atacar, y de repente sucede Harry se levanta y cuando voldemort le va a lanzar el hechizo mortal Harry se lo regresa as\u00ed voldemort se muere con su propio hechizo, Ahora bien , quien mas muere?, pues bien para resumirles muere Fredd Weasley, Lupin, Tonks, Albus, Severus, entre otros muchos estudiantes. de aqui nos trasladamos 19 a\u00f1os despues, aparecen unos ni\u00f1os en la estaci\u00f3n corriendo hacia la plataforma 9 3\/4, asi es son los hijos de Harry y Ginni Weasley, tienen tres uno llamada James, otro Albus Severus, y la peque\u00f1a Lilly, enseguida aparecen Ron quien se caso con adivinamos Hermione, y tiene una ni\u00f1a Rosie,\u00a0 a lo lejos esta Draco con su esposa e hijo. Y bueno as\u00ed se responden las inc\u00f3gnitas, despu\u00e9s de que tanto se dijo que quiz\u00e1 mor\u00eda Harry, pues no queda vivito y colendo.<\/p>\n<p align=\"center\"><strong>Las cr\u00f3nicas de Narnia<\/strong> \"<strong>la traves\u00eda del viajero del alba\"<\/strong><\/p>\n<p align=\"center\"><strong><br \/>\n<\/strong><\/p>\n<p style=\"text-align: center\" align=\"center\"><strong><a rel=\"attachment wp-att-91\" href=\"http:\/\/blog.espol.edu.ec\/arnaldoalfonzo\/2009\/12\/16\/85\/narnia1\/\"><img loading=\"lazy\" decoding=\"async\" class=\"size-full wp-image-91 aligncenter\" src=\"http:\/\/blog.espol.edu.ec\/arnaldoalfonzo\/files\/2009\/12\/narnia1.jpg\" alt=\"narnia1\" width=\"333\" height=\"287\" \/><\/a><br \/>\n<\/strong><\/p>\n<p style=\"text-align: justify\">\n<p style=\"text-align: justify\">\n<p style=\"text-align: justify\">\n<p style=\"text-align: justify\">\n<p style=\"text-align: justify\">\n<p style=\"text-align: justify\">\n<p style=\"text-align: justify\">\n<p style=\"text-align: justify\">\n<p style=\"text-align: justify\">\n<p style=\"text-align: justify\">\n<p style=\"text-align: justify\">\n<p style=\"text-align: justify\">\n<p style=\"text-align: justify\">\n<p style=\"text-align: justify\">\n<p style=\"text-align: justify\">\n<p style=\"text-align: justify\">\n<p style=\"text-align: justify\">\n<p style=\"text-align: justify\">\n<p style=\"text-align: justify\">\n<p style=\"text-align: justify\">SINOPSIS: 'The Chronicles Of Narnia: The Voyage Of The Dawn Treader', que en Espa\u00f1a probablemente se titule como el libro, 'Las cr\u00f3nicas de Narnia: La traves\u00eda del Viajero del Alba'. Todav\u00eda en fase de rodaje pero ya podemos echar un vistazo a las tres primeras im\u00e1genes oficiales de la pel\u00edcula, que est\u00e1 dirigiendo el incompetente Michael Apted ('Amazing Grace', 'Nunca m\u00e1s' o '007: El mundo nunca es suficiente', entre otras), en sustituci\u00f3n de Andrew Adamson. La sinopsis del tercer libro es la siguiente: Un rey y unos inesperados compa\u00f1eros de viaje emprenden una traves\u00eda que los llevar\u00e1 m\u00e1s all\u00e1 de toda tierra conocida; a medida que navegan por mares que no aparecen en los mapas, descubren que su misi\u00f3n es m\u00e1s arriesgada de lo que hab\u00edan imaginado y que el fin del mundo es, en realidad, el umbral de una tierra inc\u00f3gnita. El rey es Caspian, a quien vuelve a dar vida la joven estrella Ben Barnes, y los \"inesperados compa\u00f1eros de viaje\" son los hermanos Edmund y Lucy m\u00e1s su primo Eustace, interpretados por Skandar Keynes, Georgie Henley y Will Poulter, respectivamente; al parecer, los otros dos hermanos Pevensie (Anna Popplewell y William Moseley) no participan en esta aventura.<\/p>\n<p><strong> <\/strong><\/p>\n<p align=\"center\">\n<p align=\"center\"><strong>Eclipse<\/strong><\/p>\n<p align=\"center\"><strong><br \/>\n<\/strong><\/p>\n<p style=\"text-align: center\" align=\"center\"><strong><a rel=\"attachment wp-att-92\" href=\"http:\/\/blog.espol.edu.ec\/arnaldoalfonzo\/2009\/12\/16\/85\/eclipse\/\"><img loading=\"lazy\" decoding=\"async\" class=\"size-full wp-image-92 aligncenter\" src=\"http:\/\/blog.espol.edu.ec\/arnaldoalfonzo\/files\/2009\/12\/eclipse.jpg\" alt=\"eclipse\" width=\"500\" height=\"394\" \/><\/a><br \/>\n<\/strong><\/p>\n<p style=\"text-align: justify\">\n<p style=\"text-align: justify\">\n<p style=\"text-align: justify\">\n<p style=\"text-align: justify\">\n<p style=\"text-align: justify\">\n<p style=\"text-align: justify\">\n<p style=\"text-align: justify\">\n<p style=\"text-align: justify\">\n<p style=\"text-align: justify\">\n<p style=\"text-align: justify\">\n<p style=\"text-align: justify\">\n<p style=\"text-align: justify\">\n<p style=\"text-align: justify\">\n<p style=\"text-align: justify\">\n<p style=\"text-align: justify\">\n<p style=\"text-align: justify\">\n<p style=\"text-align: justify\">\n<p style=\"text-align: justify\">\n<p style=\"text-align: justify\">\n<p style=\"text-align: justify\">\n<p style=\"text-align: justify\">\n<p style=\"text-align: justify\">\n<p style=\"text-align: justify\">\n<p style=\"text-align: justify\">\n<p style=\"text-align: justify\">\n<p style=\"text-align: justify\">\n<p style=\"text-align: justify\">SINOPSIS: Bella sabe que jam\u00e1s podr\u00eda dejar a Edward ...Pero, al mismo tiempo, quiere arreglar las cosas entre Jacob y ella, que comenzaron a estropearse con la transformaci\u00f3n de \u00e9l en lic\u00e1ntropo. En este libro tambi\u00e9n se ve m\u00e1s en profundidad la historia de las vidas del resto de miembros de la familia Cullen (Carlisle, Esme, Jasper, Alice, Emmett y Rosalie); y la historia del origen de los hombres lobo. Adem\u00e1s, vampiros y hombres lobo tendr\u00e1n que unir fuerzas para acabar con una tropa de ne\u00f3fitos (vampiros reci\u00e9n convertidos) y su creadora, Victoria, cuyo \u00fanico prop\u00f3sito es matar a Bella por un ajuste de cuentas relacionado con el primer libro. Adem\u00e1s Bella, en \u00e9ste libro, se dar\u00e1 cuenta de que aparte de querer a Edward, una parte de ella tambi\u00e9n quiere a Jacob. No corta su relaci\u00f3n con Edward, porque sabe que sin \u00e9l no puede vivir (c\u00f3mo se demostr\u00f3 en el segundo libro); y Jacob, al saber que tienen planeado casarse y convertir a Bella en vampiro, acaba y\u00e9ndose de su casa transformado en lobo y dejando atr\u00e1s, a Jacob Black...<\/p>\n","protected":false},"excerpt":{"rendered":"<p>ESTRENOS 2010 Iron Man 2 SINOPSIS: Tras el \u00e9xito de \"Iron Man\", que en el fin de semana de su estreno recaud\u00f3 m\u00e1s de 200 millones de d\u00f3lares en todo el mundo, Marvel Studios confirm\u00f3 su secuela. En mayo de 2009, se publici\u00f3 la primera imagen oficial del rodaje de Iron Man 2, uno de [&hellip;]<\/p>\n","protected":false},"author":3394,"featured_media":0,"comment_status":"open","ping_status":"open","sticky":false,"template":"","format":"standard","meta":{"footnotes":""},"categories":[8034],"tags":[14313,12772,19693,968,14308,14311,14310,14309,14314,514,14312],"class_list":["post-85","post","type-post","status-publish","format-standard","hentry","category-estrenos","tag-dinamo","tag-eclipse","tag-estrenos","tag-harry-potter","tag-iron-man","tag-la-travesia-del-viajero-del-alba","tag-las-cronicas-de-narnia","tag-reliquias-de-la-muerte","tag-scarlett-johansson","tag-sinopsis","tag-tony-strack"],"_links":{"self":[{"href":"https:\/\/blog.espol.edu.ec\/arnaldoalfonzo\/wp-json\/wp\/v2\/posts\/85","targetHints":{"allow":["GET"]}}],"collection":[{"href":"https:\/\/blog.espol.edu.ec\/arnaldoalfonzo\/wp-json\/wp\/v2\/posts"}],"about":[{"href":"https:\/\/blog.espol.edu.ec\/arnaldoalfonzo\/wp-json\/wp\/v2\/types\/post"}],"author":[{"embeddable":true,"href":"https:\/\/blog.espol.edu.ec\/arnaldoalfonzo\/wp-json\/wp\/v2\/users\/3394"}],"replies":[{"embeddable":true,"href":"https:\/\/blog.espol.edu.ec\/arnaldoalfonzo\/wp-json\/wp\/v2\/comments?post=85"}],"version-history":[{"count":30,"href":"https:\/\/blog.espol.edu.ec\/arnaldoalfonzo\/wp-json\/wp\/v2\/posts\/85\/revisions"}],"predecessor-version":[{"id":121,"href":"https:\/\/blog.espol.edu.ec\/arnaldoalfonzo\/wp-json\/wp\/v2\/posts\/85\/revisions\/121"}],"wp:attachment":[{"href":"https:\/\/blog.espol.edu.ec\/arnaldoalfonzo\/wp-json\/wp\/v2\/media?parent=85"}],"wp:term":[{"taxonomy":"category","embeddable":true,"href":"https:\/\/blog.espol.edu.ec\/arnaldoalfonzo\/wp-json\/wp\/v2\/categories?post=85"},{"taxonomy":"post_tag","embeddable":true,"href":"https:\/\/blog.espol.edu.ec\/arnaldoalfonzo\/wp-json\/wp\/v2\/tags?post=85"}],"curies":[{"name":"wp","href":"https:\/\/api.w.org\/{rel}","templated":true}]}}