{"id":5,"date":"2010-11-18T10:22:18","date_gmt":"2010-11-18T15:22:18","guid":{"rendered":"http:\/\/blog.espol.edu.ec\/bianfa\/?p=5"},"modified":"2011-01-04T11:12:59","modified_gmt":"2011-01-04T16:12:59","slug":"juan-fernando-velasco-en-los-latin-grammys","status":"publish","type":"post","link":"https:\/\/blog.espol.edu.ec\/bianfa\/2010\/11\/18\/juan-fernando-velasco-en-los-latin-grammys\/","title":{"rendered":"Juan Fernando Velasco en los Latin Grammys"},"content":{"rendered":"<p style=\"text-align: center\"><img loading=\"lazy\" decoding=\"async\" class=\"size-medium wp-image-6 aligncenter\" title=\"Juan_Jernando_Velasco\" src=\"http:\/\/blog.espol.edu.ec\/bianfa\/files\/2010\/11\/juan-fernando-velasco-ganara-un-grammy-20101110062704-bd315eabd1342e7c4b8856d1a927c185-300x200.jpg\" alt=\"\" width=\"300\" height=\"200\" srcset=\"https:\/\/blog.espol.edu.ec\/bianfa\/files\/2010\/11\/juan-fernando-velasco-ganara-un-grammy-20101110062704-bd315eabd1342e7c4b8856d1a927c185-300x200.jpg 300w, https:\/\/blog.espol.edu.ec\/bianfa\/files\/2010\/11\/juan-fernando-velasco-ganara-un-grammy-20101110062704-bd315eabd1342e7c4b8856d1a927c185.jpg 697w\" sizes=\"auto, (max-width: 300px) 100vw, 300px\" \/>\u00a0\u00a0\u00a0\u00a0\u00a0Con una espectacular participaci\u00f3n en los Latin Grammys, Juan Fernando Velasco, dej\u00f3 en alto el nombre del Ecuador, con la interpretaci\u00f3n del emblem\u00e1tico pasillo \u201cAlma en los labios\u201d, la noche de este jueves en Las Vegas durante la 11 edici\u00f3n que la Academia entrega premios a la m\u00fasica latina.<\/p>\n<p><a href=\"http:\/\/twitter.com\/share\" class=\"twitter-share-button\">Tweet<\/a><script src=\"http:\/\/platform.twitter.com\/widgets.js\"><\/script><\/p>\n","protected":false},"excerpt":{"rendered":"<p>\u00a0\u00a0\u00a0\u00a0\u00a0Con una espectacular participaci\u00f3n en los Latin Grammys, Juan Fernando Velasco, dej\u00f3 en alto el nombre del Ecuador, con la interpretaci\u00f3n del emblem\u00e1tico pasillo \u201cAlma en los labios\u201d, la noche de este jueves en Las Vegas durante la 11 edici\u00f3n que la Academia entrega premios a la m\u00fasica latina. Tweet<\/p>\n","protected":false},"author":5514,"featured_media":0,"comment_status":"open","ping_status":"open","sticky":false,"template":"","format":"standard","meta":{"footnotes":""},"categories":[26210],"tags":[70,1356,26247],"class_list":["post-5","post","type-post","status-publish","format-standard","hentry","category-new-music","tag-ecuador","tag-juan-fernando-velasco","tag-latin-grammys"],"_links":{"self":[{"href":"https:\/\/blog.espol.edu.ec\/bianfa\/wp-json\/wp\/v2\/posts\/5","targetHints":{"allow":["GET"]}}],"collection":[{"href":"https:\/\/blog.espol.edu.ec\/bianfa\/wp-json\/wp\/v2\/posts"}],"about":[{"href":"https:\/\/blog.espol.edu.ec\/bianfa\/wp-json\/wp\/v2\/types\/post"}],"author":[{"embeddable":true,"href":"https:\/\/blog.espol.edu.ec\/bianfa\/wp-json\/wp\/v2\/users\/5514"}],"replies":[{"embeddable":true,"href":"https:\/\/blog.espol.edu.ec\/bianfa\/wp-json\/wp\/v2\/comments?post=5"}],"version-history":[{"count":3,"href":"https:\/\/blog.espol.edu.ec\/bianfa\/wp-json\/wp\/v2\/posts\/5\/revisions"}],"predecessor-version":[{"id":8,"href":"https:\/\/blog.espol.edu.ec\/bianfa\/wp-json\/wp\/v2\/posts\/5\/revisions\/8"}],"wp:attachment":[{"href":"https:\/\/blog.espol.edu.ec\/bianfa\/wp-json\/wp\/v2\/media?parent=5"}],"wp:term":[{"taxonomy":"category","embeddable":true,"href":"https:\/\/blog.espol.edu.ec\/bianfa\/wp-json\/wp\/v2\/categories?post=5"},{"taxonomy":"post_tag","embeddable":true,"href":"https:\/\/blog.espol.edu.ec\/bianfa\/wp-json\/wp\/v2\/tags?post=5"}],"curies":[{"name":"wp","href":"https:\/\/api.w.org\/{rel}","templated":true}]}}