{"id":27,"date":"2014-06-01T23:18:12","date_gmt":"2014-06-01T23:18:12","guid":{"rendered":"http:\/\/blog.espol.edu.ec\/bnnaula\/?p=27"},"modified":"2014-06-01T23:18:12","modified_gmt":"2014-06-01T23:18:12","slug":"fundaciones-en-ecuador","status":"publish","type":"post","link":"https:\/\/blog.espol.edu.ec\/bnnaula\/2014\/06\/01\/fundaciones-en-ecuador\/","title":{"rendered":"Fundaciones en Ecuador"},"content":{"rendered":"<p>Esta sociedad se ha vuelto una sociedad ego\u00edsta que se ocupa s\u00f3lo de si mismo. Es por eso que existe la discriminaci\u00f3n a las dem\u00e1s especies, entre ellas la animal, la cual se ha incrementado aceleradamente y creen que los derechos de los animales es de menor importancia que los de los derechos humanos.<\/p>\n<p>En el Ecuador existen, principalmente, miles de perros y gatos sin hogar, donde pasan fr\u00edo, hambre y sufren accidentes.<\/p>\n<p>Pero es ah\u00ed donde aparecen fundaciones protectoras de animales dedicadas a la atenci\u00f3n de las necesidades de la fauna urbana y como son organizaciones sin fines de lucro requieren de la ayuda de los ciudadanos.<\/p>\n<p>Todos podemos ayudar, \u00bfC\u00f3mo?<br \/>\n- Adopta una mascota<br \/>\n- S\u00e9 hogar temporal<br \/>\n- Apadrina una mascota<br \/>\n- S\u00e9 voluntario<br \/>\n- Haz donaciones a una fundaci\u00f3n, ya sea con dinero, alimentos o medicinas<\/p>\n<p>La experiencia de poder compartir parte de nuestras vidas con una mascota resulta toda una aventura llena de felicidad, amistad y cari\u00f1o. As\u00ed que an\u00edmate a ayudar estos amiguitos sin voz.<\/p>\n<p>Fundaciones en el Ecuador: <a href=\"http:\/\/www.pae.ec\/\" target=\"_blank\">Protecci\u00f3n animal Ecuador<\/a>, <a href=\"http:\/\/www.rescateanimal.org.ec\/\" target=\"_blank\">Rescate animal<\/a>, <a href=\"https:\/\/www.facebook.com\/FadaFundacionAmigosDeLosAnimales\/info\" target=\"_blank\">Fundaci\u00f3n amigos de los animales<\/a>, <a href=\"http:\/\/www.somosrescateanimal.org\/index.html\" target=\"_blank\">Somos rescate animal<\/a>, <a href=\"http:\/\/www.procan.com.ec\/webprocan\/principal.jsp?arb=951\" target=\"_blank\">Procan<\/a>, <a href=\"http:\/\/fundacionarca.com\/quienes-somos\/\" target=\"_blank\">ARCA<\/a>, entre otras.<\/p>\n<div id=\"attachment_28\" style=\"width: 310px\" class=\"wp-caption aligncenter\"><a href=\"http:\/\/blog.espol.edu.ec\/bnnaula\/files\/2014\/06\/fundacion.jpg\"><img loading=\"lazy\" decoding=\"async\" aria-describedby=\"caption-attachment-28\" class=\"wp-image-28 size-medium\" src=\"http:\/\/blog.espol.edu.ec\/bnnaula\/files\/2014\/06\/fundacion-300x300.jpg\" alt=\"Haz la diferencia!\" width=\"300\" height=\"300\" srcset=\"https:\/\/blog.espol.edu.ec\/bnnaula\/files\/2014\/06\/fundacion-300x300.jpg 300w, https:\/\/blog.espol.edu.ec\/bnnaula\/files\/2014\/06\/fundacion-150x150.jpg 150w, https:\/\/blog.espol.edu.ec\/bnnaula\/files\/2014\/06\/fundacion.jpg 611w\" sizes=\"auto, (max-width: 300px) 100vw, 300px\" \/><\/a><p id=\"caption-attachment-28\" class=\"wp-caption-text\">Haz la diferencia!<\/p><\/div>\n","protected":false},"excerpt":{"rendered":"<p>Esta sociedad se ha vuelto una sociedad ego\u00edsta que se ocupa s\u00f3lo de si mismo. Es por eso que existe la discriminaci\u00f3n a las dem\u00e1s especies, entre ellas la animal, la cual se ha incrementado aceleradamente y creen que los derechos de los animales es de menor importancia que los de los derechos humanos. En [&hellip;]<\/p>\n","protected":false},"author":9155,"featured_media":0,"comment_status":"open","ping_status":"open","sticky":false,"template":"","format":"standard","meta":{"footnotes":""},"categories":[818],"tags":[],"class_list":["post-27","post","type-post","status-publish","format-standard","hentry","category-sin-categoria"],"_links":{"self":[{"href":"https:\/\/blog.espol.edu.ec\/bnnaula\/wp-json\/wp\/v2\/posts\/27","targetHints":{"allow":["GET"]}}],"collection":[{"href":"https:\/\/blog.espol.edu.ec\/bnnaula\/wp-json\/wp\/v2\/posts"}],"about":[{"href":"https:\/\/blog.espol.edu.ec\/bnnaula\/wp-json\/wp\/v2\/types\/post"}],"author":[{"embeddable":true,"href":"https:\/\/blog.espol.edu.ec\/bnnaula\/wp-json\/wp\/v2\/users\/9155"}],"replies":[{"embeddable":true,"href":"https:\/\/blog.espol.edu.ec\/bnnaula\/wp-json\/wp\/v2\/comments?post=27"}],"version-history":[{"count":1,"href":"https:\/\/blog.espol.edu.ec\/bnnaula\/wp-json\/wp\/v2\/posts\/27\/revisions"}],"predecessor-version":[{"id":29,"href":"https:\/\/blog.espol.edu.ec\/bnnaula\/wp-json\/wp\/v2\/posts\/27\/revisions\/29"}],"wp:attachment":[{"href":"https:\/\/blog.espol.edu.ec\/bnnaula\/wp-json\/wp\/v2\/media?parent=27"}],"wp:term":[{"taxonomy":"category","embeddable":true,"href":"https:\/\/blog.espol.edu.ec\/bnnaula\/wp-json\/wp\/v2\/categories?post=27"},{"taxonomy":"post_tag","embeddable":true,"href":"https:\/\/blog.espol.edu.ec\/bnnaula\/wp-json\/wp\/v2\/tags?post=27"}],"curies":[{"name":"wp","href":"https:\/\/api.w.org\/{rel}","templated":true}]}}