{"id":104,"date":"2010-08-25T00:18:04","date_gmt":"2010-08-25T00:18:04","guid":{"rendered":"http:\/\/blog.espol.edu.ec\/brisborj\/2010\/08\/25\/james-cameron-confirma-que-avatar-2-y-avatar-3-se-rodaran-a-la-vez\/"},"modified":"2010-08-25T00:18:04","modified_gmt":"2010-08-25T00:18:04","slug":"james-cameron-confirma-que-avatar-2-y-avatar-3-se-rodaran-a-la-vez","status":"publish","type":"post","link":"https:\/\/blog.espol.edu.ec\/brisborj\/2010\/08\/25\/james-cameron-confirma-que-avatar-2-y-avatar-3-se-rodaran-a-la-vez\/","title":{"rendered":"James Cameron confirma que Avatar 2 y Avatar 3 se rodar\u00e1n a la vez"},"content":{"rendered":"<p>El rodaje de Avatar 2 y Avatar 3 de forma continuada permitir\u00e1 ahorrar costes de producci\u00f3n. Se sigue as\u00ed la tendencia de otras superproducciones. Anteriormente El Se\u00f1or de los Anillos y pr\u00f3ximamente en pantallas otras tantas como Harry Potter y las reliquias de la muerte o Amanece (cuarta entrega de la saga Crep\u00fasculo).<\/p>\n<p>Pero por ahora hablar de argumentos es sumamente aventurado. Porque como el propio James Cameron dijo, a\u00fan no hay nada claro acerca de lo que versar\u00e1 el filme. O mejor dicho, no lo deja nada claro. Tan pronto habla de que ser\u00e1 en alg\u00fan planeta pr\u00f3ximo a Pandora. Pero tambi\u00e9n, en pleno cometario sobre la pr\u00f3xima versi\u00f3n de Titanic afirma que Avatar 2 transcurrir\u00e1 en el fondo de los oc\u00e9anos del enigm\u00e1tico planeta de los NaVi.<\/p>\n<p>Mientras tanto comenzar\u00e1 el reestreno de Avatar, con ocho minutos de metraje nunca visto hasta ahora. Lo que conllevar\u00e1, de forma sumamente rentable, una nueva versi\u00f3n en DVD y Blu Ray de la misma.<\/p>\n","protected":false},"excerpt":{"rendered":"<p>El rodaje de Avatar 2 y Avatar 3 de forma continuada permitir\u00e1 ahorrar costes de producci\u00f3n. Se sigue as\u00ed la tendencia de otras superproducciones. Anteriormente El Se\u00f1or de los Anillos y pr\u00f3ximamente en pantallas otras tantas como Harry Potter y las reliquias de la muerte o Amanece (cuarta entrega de la saga Crep\u00fasculo). Pero por [&hellip;]<\/p>\n","protected":false},"author":5091,"featured_media":0,"comment_status":"open","ping_status":"open","sticky":false,"template":"","format":"standard","meta":{"footnotes":""},"categories":[128],"tags":[],"class_list":["post-104","post","type-post","status-publish","format-standard","hentry","category-noticias"],"_links":{"self":[{"href":"https:\/\/blog.espol.edu.ec\/brisborj\/wp-json\/wp\/v2\/posts\/104","targetHints":{"allow":["GET"]}}],"collection":[{"href":"https:\/\/blog.espol.edu.ec\/brisborj\/wp-json\/wp\/v2\/posts"}],"about":[{"href":"https:\/\/blog.espol.edu.ec\/brisborj\/wp-json\/wp\/v2\/types\/post"}],"author":[{"embeddable":true,"href":"https:\/\/blog.espol.edu.ec\/brisborj\/wp-json\/wp\/v2\/users\/5091"}],"replies":[{"embeddable":true,"href":"https:\/\/blog.espol.edu.ec\/brisborj\/wp-json\/wp\/v2\/comments?post=104"}],"version-history":[{"count":0,"href":"https:\/\/blog.espol.edu.ec\/brisborj\/wp-json\/wp\/v2\/posts\/104\/revisions"}],"wp:attachment":[{"href":"https:\/\/blog.espol.edu.ec\/brisborj\/wp-json\/wp\/v2\/media?parent=104"}],"wp:term":[{"taxonomy":"category","embeddable":true,"href":"https:\/\/blog.espol.edu.ec\/brisborj\/wp-json\/wp\/v2\/categories?post=104"},{"taxonomy":"post_tag","embeddable":true,"href":"https:\/\/blog.espol.edu.ec\/brisborj\/wp-json\/wp\/v2\/tags?post=104"}],"curies":[{"name":"wp","href":"https:\/\/api.w.org\/{rel}","templated":true}]}}