{"id":79,"date":"2010-01-25T10:30:18","date_gmt":"2010-01-25T15:30:18","guid":{"rendered":"http:\/\/blog.espol.edu.ec\/bryantniola\/?p=79"},"modified":"2010-01-25T10:30:18","modified_gmt":"2010-01-25T15:30:18","slug":"usb-30","status":"publish","type":"post","link":"https:\/\/blog.espol.edu.ec\/bryantniola\/2010\/01\/25\/usb-30\/","title":{"rendered":"UsB 3.0"},"content":{"rendered":"<p>En reghardware\u00a0publican unas fotos de los conectores que utilizar\u00e1 el USB 3.0, la pr\u00f3xima versi\u00f3n de este est\u00e1ndar, que funcionar\u00e1 a velocidades cercanas a los 5Gbps. Esta nueva versi\u00f3n de USB, que se ha presentado en el CES, a\u00fan est\u00e1 en desarrollo, y se espera que estar\u00e1 completada a mediados de este a\u00f1o.<\/p>\n<p>USB 3.0, la pr\u00f3xima versi\u00f3n del estandar\u00a0USB, alcanzar\u00e1 una velocidad de transferencia de 4.8Gbps, diez veces la velocidad de USB 2.0 (480Mbps<\/p>\n<p style=\"text-align: center\"><img decoding=\"async\" src=\"http:\/\/teleobjetivo.org\/wp-content\/uploads\/usb3-1.jpg\" alt=\"conector USB 3.0\" \/><\/p>\n<p style=\"text-align: left\">Como podemos ver en estas im\u00e1genes, en USB 3.0 se a\u00f1aden cinco contactos nuevos que son los que utiliza el canal de alta velocidad. Los cuatro contactos cl\u00e1sicos se mantienen, para mantener la compatibilidad con USB 2.0. Es decir, el conector contiene\u00a0<span style=\"text-decoration: line-through\">siete<\/span> nueve contactos en total.<\/p>\n<p style=\"text-align: center\"><img loading=\"lazy\" decoding=\"async\" src=\"http:\/\/teleobjetivo.org\/wp-content\/uploads\/usb3-2.jpg\" alt=\"conector USB 3.0\" width=\"450\" height=\"374\" \/><\/p>\n<p>El que es totalmente nuevo es la versi\u00f3n mini-USB;\u00a0 por lo que se puede ver en el dibujo, parece que solo incluye los cinco contactos para el canal de alta velocidad; si esto es as\u00ed significa que no ser\u00e1 compatible con el conector mini-USB actual.<\/p>\n<p style=\"text-align: center\"><img loading=\"lazy\" decoding=\"async\" src=\"http:\/\/teleobjetivo.org\/wp-content\/uploads\/usb3-3.jpg\" alt=\"conector USB 3.0\" width=\"450\" height=\"358\" \/><\/p>\n<p>Y, por \u00faltimo, una imagen que promete: El USB \u00f3ptico. esta versi\u00f3n incluye, ademas de los cables el\u00e9ctricos, unos hilos de fibra \u00f3ptica. De momento no se han dado detalles sobre las caracter\u00edsticas del USB \u00f3ptico, solo se sabe que se encuentra en una etapa muy temprana de su desarrollo, as\u00ed que no se podr\u00e1 incluir en USB 3.0; podemos suponer se lanzar\u00e1 en un futuro pr\u00f3ximo, probablemente bajo el nombre de USB 4.0<\/p>\n<p style=\"text-align: center\"><img loading=\"lazy\" decoding=\"async\" src=\"http:\/\/teleobjetivo.org\/wp-content\/uploads\/usb3-4.jpg\" alt=\"conector USB 3.0\" width=\"195\" height=\"156\" \/><\/p>\n","protected":false},"excerpt":{"rendered":"<p>En reghardware\u00a0publican unas fotos de los conectores que utilizar\u00e1 el USB 3.0, la pr\u00f3xima versi\u00f3n de este est\u00e1ndar, que funcionar\u00e1 a velocidades cercanas a los 5Gbps. Esta nueva versi\u00f3n de USB, que se ha presentado en el CES, a\u00fan est\u00e1 en desarrollo, y se espera que estar\u00e1 completada a mediados de este a\u00f1o. USB 3.0, [&hellip;]<\/p>\n","protected":false},"author":3324,"featured_media":0,"comment_status":"open","ping_status":"open","sticky":false,"template":"","format":"standard","meta":{"footnotes":""},"categories":[296],"tags":[],"class_list":["post-79","post","type-post","status-publish","format-standard","hentry","category-tecnologia"],"_links":{"self":[{"href":"https:\/\/blog.espol.edu.ec\/bryantniola\/wp-json\/wp\/v2\/posts\/79","targetHints":{"allow":["GET"]}}],"collection":[{"href":"https:\/\/blog.espol.edu.ec\/bryantniola\/wp-json\/wp\/v2\/posts"}],"about":[{"href":"https:\/\/blog.espol.edu.ec\/bryantniola\/wp-json\/wp\/v2\/types\/post"}],"author":[{"embeddable":true,"href":"https:\/\/blog.espol.edu.ec\/bryantniola\/wp-json\/wp\/v2\/users\/3324"}],"replies":[{"embeddable":true,"href":"https:\/\/blog.espol.edu.ec\/bryantniola\/wp-json\/wp\/v2\/comments?post=79"}],"version-history":[{"count":2,"href":"https:\/\/blog.espol.edu.ec\/bryantniola\/wp-json\/wp\/v2\/posts\/79\/revisions"}],"predecessor-version":[{"id":81,"href":"https:\/\/blog.espol.edu.ec\/bryantniola\/wp-json\/wp\/v2\/posts\/79\/revisions\/81"}],"wp:attachment":[{"href":"https:\/\/blog.espol.edu.ec\/bryantniola\/wp-json\/wp\/v2\/media?parent=79"}],"wp:term":[{"taxonomy":"category","embeddable":true,"href":"https:\/\/blog.espol.edu.ec\/bryantniola\/wp-json\/wp\/v2\/categories?post=79"},{"taxonomy":"post_tag","embeddable":true,"href":"https:\/\/blog.espol.edu.ec\/bryantniola\/wp-json\/wp\/v2\/tags?post=79"}],"curies":[{"name":"wp","href":"https:\/\/api.w.org\/{rel}","templated":true}]}}