{"id":176,"date":"2010-06-25T09:23:48","date_gmt":"2010-06-25T14:23:48","guid":{"rendered":"http:\/\/blog.espol.edu.ec\/calo\/?p=176"},"modified":"2010-06-29T11:41:35","modified_gmt":"2010-06-29T16:41:35","slug":"movimientos_del_diseno","status":"publish","type":"post","link":"https:\/\/blog.espol.edu.ec\/calo\/2010\/06\/25\/movimientos_del_diseno\/","title":{"rendered":"Movimientos_del_Dise\u00f1o"},"content":{"rendered":"<div>\n<h1>Bauhaus<\/h1>\n<p><img decoding=\"async\" src=\"http:\/\/t2.gstatic.com\/images?q=tbn:fkeqOczGd29u1M:http:\/\/elisavaprofessionals.com.mialias.net\/blog\/wp-content\/uploads\/EP_BAUHAUS-1.jpg\" alt=\"\" \/><\/p>\n<address>Nace en 1919 en Alemania<\/address>\n<address>Significa \"La casa de la construccion\"<\/address>\n<address>Proviene de Baus= Construccion y Haus= Casa<\/address>\n<address>Fases<\/address>\n<address>(1919-1923) Idealista romantica<\/address>\n<address>(1923-1925)Era mas racionalista<\/address>\n<address>(1925-1929)<\/address>\n<address>Caracteristicas:<\/address>\n<address>Une el labor de los artesanos con la arquitectura<\/address>\n<address>Se caracterizo por la ausencia de la oramentacion<\/address>\n<address>Tambien los alumnos salian bien capacitados para cualquier labor<\/address>\n<address>Dise\u00f1os<\/address>\n<address>Silla B3 \u00a0(Conocida como Wassily)<\/address>\n<address>Sillon Modelo B55<\/address>\n<address><\/address>\n<address><\/address>\n<address><\/address>\n<h1>De stijil<\/h1>\n<p><img decoding=\"async\" src=\"http:\/\/t3.gstatic.com\/images?q=tbn:CNFburd_SPOt5M:http:\/\/www.destijl.com.ar\/images\/de_stijl.jpg\" alt=\"\" \/><\/p>\n<address>Movimiento de caracter artistico<\/address>\n<address>Fases<\/address>\n<address>(1917-1921)\u00a0Formaci\u00f3n<\/address>\n<address>(1921-1925)<\/address>\n<address>(1925-1931) Transformacion<\/address>\n<address>Caracteristicas:<\/address>\n<address>Eliminan todo lo superficial hasta que solo quede lo elemental<\/address>\n<address>Usaban pocos colores<\/address>\n<address>No usaban lineas diagonales ni curvas<\/address>\n<address>Obras<\/address>\n<address>Casa Schroder (considerada como patrimonio de la humanidad)<\/address>\n<address>Cafe Unie<\/address>\n<address>Silla Azul y rosa<\/address>\n<address><\/address>\n<address><\/address>\n<address><\/address>\n<address>M C. Escher<\/address>\n<address> <\/address>\n<h1><a href=\"http:\/\/blog.espol.edu.ec\/calo\/files\/2010\/06\/escalera-imposible-escher.jpg\"><img loading=\"lazy\" decoding=\"async\" title=\"escalera-imposible-escher\" src=\"http:\/\/blog.espol.edu.ec\/calo\/files\/2010\/06\/escalera-imposible-escher.jpg\" alt=\"\" width=\"124\" height=\"150\" \/><\/a><\/h1>\n<address>Maurus Cornelis Escher<\/address>\n<address>Nace en 1898 Holanda , muere en 1972<\/address>\n<address>-Era un estudiante pesimo<\/address>\n<address>-Viajaba a diferentes paises y se fijaba en su arquitectura<\/address>\n<address>Trabajo Artistico<\/address>\n<address>Realizo mas de 400 litografias<\/address>\n<address>Sus obras eran dificiles de interpretar y las obras que hacia era lo que lo<\/address>\n<address>gustaba no lo de la sociedad , ademas el solo se interesaba por el no se interesaba por los demas<\/address>\n<address>Caracteristicas<\/address>\n<address>Dualidad<\/address>\n<address>Obras<\/address>\n<address>-Subiendo y bajando (esta basado en algo irreal)<\/address>\n<address>-Belvedere (imposible de crear)<\/address>\n<address>-Cascada ( imposible de crear)<\/address>\n<address><\/address>\n<address><\/address>\n<address><\/address>\n<h1>Constructivismo Ruso<\/h1>\n<p><a id=\"apf0\" href=\"http:\/\/www.google.com.ec\/imgres?imgurl=http:\/\/2.bp.blogspot.com\/_zMe3vGsnq-I\/SwW-JqlUlLI\/AAAAAAAAADE\/htfIbpbaGhE\/s1600\/ConstructivismoRuso_12_3509.jpg&amp;imgrefurl=http:\/\/ejemplosdg.blogspot.com\/2009\/11\/constructivismo-ruso.html&amp;usg=__kJpV1RsD6Lmr8hXYC8cBsihFqaI=&amp;h=301&amp;w=431&amp;sz=43&amp;hl=es&amp;start=1&amp;um=1&amp;itbs=1&amp;tbnid=ihMLuF_55Wo6OM:&amp;tbnh=88&amp;tbnw=126&amp;prev=\/images%3Fq%3Dconstructivismo%2Bruso%26um%3D1%26hl%3Des%26tbs%3Disch:1\"><img loading=\"lazy\" decoding=\"async\" src=\"http:\/\/t3.gstatic.com\/images?q=tbn:ihMLuF_55Wo6OM:http:\/\/2.bp.blogspot.com\/_zMe3vGsnq-I\/SwW-JqlUlLI\/AAAAAAAAADE\/htfIbpbaGhE\/s1600\/ConstructivismoRuso_12_3509.jpg\" alt=\"\" width=\"126\" height=\"88\" \/><\/a><\/p>\n<address>Es nada mas y menos que reprensertar el arte construcciones<\/address>\n<address>Slogan :\u00a0No es lo nuevo, no es lo viejo , si no lo necesario<\/address>\n<address>Fecha en que nace:\u00a0Nace en el a\u00f1o\u00a01920<\/address>\n<address><\/address>\n<address>Exponentes Representativos<\/address>\n<address>Vladimir Tatlin (padre del constructivismo)<\/address>\n<address>Alexander Rodchenko (pintor)<\/address>\n<address>Hermanos Pevsner ( Artista y m\u00e9dico.)<\/address>\n<address>Aleksei Gan (escribi\u00f3 los principios del constructivismo)<\/address>\n<address>Lissitzky (inici\u00f3 el Dise\u00f1o gr\u00e1fico)<\/address>\n<address><\/address>\n<address><\/address>\n<h1>Arte abstracto<\/h1>\n<p><a id=\"apf0\" href=\"http:\/\/www.google.com.ec\/imgres?imgurl=http:\/\/angelabeltran.files.wordpress.com\/2010\/01\/wassily-kandinsky.jpg&amp;imgrefurl=http:\/\/angelabeltran.wordpress.com\/2010\/01\/20\/diario-de-la-teoria\/&amp;usg=__erC9gVsjOWYSUn_MCBrIL4WlQvk=&amp;h=512&amp;w=365&amp;sz=33&amp;hl=es&amp;start=1&amp;um=1&amp;itbs=1&amp;tbnid=tDxW0zGqw28RKM:&amp;tbnh=131&amp;tbnw=93&amp;prev=\/images%3Fq%3Darte%2Babstracto%26um%3D1%26hl%3Des%26tbs%3Disch:1\"><img loading=\"lazy\" decoding=\"async\" src=\"http:\/\/t2.gstatic.com\/images?q=tbn:tDxW0zGqw28RKM:http:\/\/angelabeltran.files.wordpress.com\/2010\/01\/wassily-kandinsky.jpg\" alt=\"\" width=\"93\" height=\"131\" \/><\/a><\/p>\n<h1>Minimalismo<\/h1>\n<p><a id=\"apf1\" href=\"http:\/\/www.google.com.ec\/imgres?imgurl=http:\/\/www.decorartodo.com\/wp-content\/uploads\/2009\/01\/floating-staircase1.jpg&amp;imgrefurl=http:\/\/www.decorartodo.com\/tag\/minimalismo\/&amp;usg=__jJ8rInTaC_Vaf9_Vz2qTI2gSG1U=&amp;h=476&amp;w=450&amp;sz=24&amp;hl=es&amp;start=2&amp;um=1&amp;itbs=1&amp;tbnid=GWpjFM34znZ48M:&amp;tbnh=129&amp;tbnw=122&amp;prev=\/images%3Fq%3Dminimalismo%26um%3D1%26hl%3Des%26tbs%3Disch:1\"><img loading=\"lazy\" decoding=\"async\" src=\"http:\/\/t3.gstatic.com\/images?q=tbn:GWpjFM34znZ48M:http:\/\/www.decorartodo.com\/wp-content\/uploads\/2009\/01\/floating-staircase1.jpg\" alt=\"\" width=\"122\" height=\"129\" \/><\/a><\/p>\n<address>Minimalista es en otras palabras arte sin adornos , \u00a0sencillo y objetos que no sean \u00a0tan elaborados tambi\u00e9n preserva el espacio<\/address>\n<address>Slogan\u00a0\u201c less is more\u201d<\/address>\n<address>Fecha en que nace:\u00a0Nace en la d\u00e9cada de los 60<\/address>\n<address>Fecha en que florece:\u00a0d\u00e9cada de los 70<\/address>\n<address>Caracteristicas:<\/address>\n<address>1.- Abstracci\u00f3n<br \/>\n2.- Econom\u00eda de lenguaje y medios<br \/>\n3.- Producci\u00f3n y estandarizaci\u00f3n industrial<br \/>\n4.- Uso literal de los materiales<br \/>\n5.- Austeridad con ausencia de ornamentos<br \/>\n6.- Purismo estructural y funcional<br \/>\n7.- Orden<br \/>\n8.- Geometr\u00eda elemental rectil\u00ednea<br \/>\n9.- Precisi\u00f3n en los acabados<br \/>\n10.- Reducci\u00f3n y s\u00edntesis<br \/>\n11.- Sencillez<br \/>\n12.- Concentraci\u00f3n<br \/>\n13.- Protagonismo de las fachadas<br \/>\n14.- Desmaterializaci\u00f3n<\/address>\n<address><\/address>\n<h1>Paula Scher<\/h1>\n<p><a id=\"apf0\" href=\"http:\/\/www.google.com.ec\/imgres?imgurl=http:\/\/arianepadilha.files.wordpress.com\/2009\/12\/scher001.gif&amp;imgrefurl=http:\/\/arianepadilha.wordpress.com\/2009\/12\/15\/paula-scher\/&amp;usg=__osFwSvAfuHDAV3rBWOk5XwKbgoE=&amp;h=352&amp;w=500&amp;sz=128&amp;hl=es&amp;start=1&amp;um=1&amp;itbs=1&amp;tbnid=tuOT41xnehkCfM:&amp;tbnh=92&amp;tbnw=130&amp;prev=\/images%3Fq%3Dpaula%2Bscher%26um%3D1%26hl%3Des%26tbs%3Disch:1\"><img loading=\"lazy\" decoding=\"async\" src=\"http:\/\/t3.gstatic.com\/images?q=tbn:tuOT41xnehkCfM:http:\/\/arianepadilha.files.wordpress.com\/2009\/12\/scher001.gif\" alt=\"\" width=\"130\" height=\"92\" \/><\/a><\/p>\n<address>Nace en 1940 en Washington (EEUU)<\/address>\n<address>Es dise\u00f1adora grafica<\/address>\n<address>Lo que la caracteriza es que ella muestra como una tipografia se puede convertir en imagen<\/address>\n<address>Sus trabajos evolucionan a traves de la fuente<\/address>\n<address>-Ella hacia carteles sobre la bolsa<\/address>\n<address>-En las paredes de los edificios hizo numeros que parecieran que flotaran<\/address>\n<address>Obras<\/address>\n<address>Eran hacer mapas<\/address>\n<address><\/address>\n<address><\/address>\n<h1>Art Nouveau<\/h1>\n<p><a id=\"apf1\" href=\"http:\/\/www.google.com.ec\/imgres?imgurl=http:\/\/designblog.uniandes.edu.co\/blogs\/dise1204\/files\/2009\/06\/art-nouveau.jpg&amp;imgrefurl=http:\/\/designblog.uniandes.edu.co\/blogs\/dise1204\/art-nouveau\/&amp;usg=__DR_g6_6vMQUM6iAKBvRuPKXDRmA=&amp;h=1271&amp;w=1003&amp;sz=370&amp;hl=es&amp;start=2&amp;um=1&amp;itbs=1&amp;tbnid=rLmRyhzmVvV2YM:&amp;tbnh=150&amp;tbnw=118&amp;prev=\/images%3Fq%3Dart%2Bnouveau%26um%3D1%26hl%3Des%26tbs%3Disch:1\"><img loading=\"lazy\" decoding=\"async\" src=\"http:\/\/t1.gstatic.com\/images?q=tbn:rLmRyhzmVvV2YM:http:\/\/designblog.uniandes.edu.co\/blogs\/dise1204\/files\/2009\/06\/art-nouveau.jpg\" alt=\"\" width=\"118\" height=\"150\" \/><\/a><\/p>\n<address>Fecha en que nace:\u00a0Aparece antes del siglo XIX hasta el siglo XX<\/address>\n<address>Fecha en que florecio:\u00a01902<\/address>\n<address>Caracteristicas:<\/address>\n<address>Moderno y representativo<\/address>\n<address>Usar lineas curvas y se lo aplica en la joyeria<\/address>\n<address><\/address>\n<h1>Expresionismo<\/h1>\n<p><a id=\"apf3\" href=\"http:\/\/www.google.com.ec\/imgres?imgurl=http:\/\/dmca85.files.wordpress.com\/2008\/11\/dmc.jpg&amp;imgrefurl=http:\/\/dmca85.wordpress.com\/2008\/11\/19\/expresionismo\/&amp;usg=__xMRE3wnunOWYMD0g9PL8LzeV0CA=&amp;h=321&amp;w=267&amp;sz=30&amp;hl=es&amp;start=4&amp;um=1&amp;itbs=1&amp;tbnid=xzkh9YFEp8_BRM:&amp;tbnh=118&amp;tbnw=98&amp;prev=\/images%3Fq%3Dexpresionismo%26um%3D1%26hl%3Des%26tbs%3Disch:1\"><img loading=\"lazy\" decoding=\"async\" src=\"http:\/\/t1.gstatic.com\/images?q=tbn:xzkh9YFEp8_BRM:http:\/\/dmca85.files.wordpress.com\/2008\/11\/dmc.jpg\" alt=\"\" width=\"98\" height=\"118\" \/><\/a><\/p>\n<address>Es un movimiento homogeneo<\/address>\n<address>Fecha en que nace:\u00a0(1880-90) Surge en Alemania<\/address>\n<address>Fue usado por 1era vez por un frances<\/address>\n<address>Suele ser entendido por la expresion de la realidad<\/address>\n<address>Tipos de expresionismo<\/address>\n<address>Abstracto<\/address>\n<address>Futurista<\/address>\n<address>Caracteristicas<\/address>\n<address>-Vision Tormentosa<\/address>\n<address>-Sobrecargado<\/address>\n<address>-Busca simbolizar la tecnoligia pero no usarla<\/address>\n<address><\/address>\n<address><\/address>\n<address><\/address>\n<address><\/address>\n<h1>Pop Art<\/h1>\n<h1><a href=\"http:\/\/blog.espol.edu.ec\/calo\/files\/2010\/06\/pop-art.png\"><img loading=\"lazy\" decoding=\"async\" title=\"pop-art\" src=\"http:\/\/blog.espol.edu.ec\/calo\/files\/2010\/06\/pop-art.png\" alt=\"\" width=\"135\" height=\"114\" \/><\/a><\/h1>\n<address>Movimiento artistico visual<\/address>\n<address>Fundador se llama Eduardo Palozzo<\/address>\n<address>\"Representa la cultura popular\"<\/address>\n<address>Nace 1950 en EEUU pero surge en Londres<\/address>\n<address>Se divide en 4 fases<\/address>\n<address>-1era Fase o pre-pop<\/address>\n<address>-La fase de efectos del Pop Art<\/address>\n<address>-La 3era Fase<\/address>\n<address>-Ultima fase<\/address>\n<address>Caracteristicas<\/address>\n<address>-Es figurativo y realista<\/address>\n<address>-Creacion de efectos visuales<\/address>\n<address>-Estilo<\/address>\n<address>-Esta ligado al ambiente urbano<\/address>\n<address><\/address>\n<address><\/address>\n<h1>Impresionismo<\/h1>\n<h1><a href=\"http:\/\/blog.espol.edu.ec\/calo\/files\/2010\/06\/7527-impresionismo1.jpg\"><img loading=\"lazy\" decoding=\"async\" title=\"7527-impresionismo\" src=\"http:\/\/blog.espol.edu.ec\/calo\/files\/2010\/06\/7527-impresionismo1.jpg\" alt=\"\" width=\"123\" height=\"150\" \/><\/a><\/h1>\n<h1>Streanlie Design<\/h1>\n<h1><a href=\"http:\/\/blog.espol.edu.ec\/calo\/files\/2010\/06\/constmain.jpg\"><img loading=\"lazy\" decoding=\"async\" title=\"constmain\" src=\"http:\/\/blog.espol.edu.ec\/calo\/files\/2010\/06\/constmain.jpg\" alt=\"\" width=\"90\" height=\"94\" \/><\/a><\/h1>\n<\/div>\n","protected":false},"excerpt":{"rendered":"<p>Bauhaus Nace en 1919 en Alemania Significa \"La casa de la construccion\" Proviene de Baus= Construccion y Haus= Casa Fases (1919-1923) Idealista romantica (1923-1925)Era mas racionalista (1925-1929) Caracteristicas: Une el labor de los artesanos con la arquitectura Se caracterizo por la ausencia de la oramentacion Tambien los alumnos salian bien capacitados para cualquier labor Dise\u00f1os [&hellip;]<\/p>\n","protected":false},"author":3899,"featured_media":0,"comment_status":"open","ping_status":"open","sticky":false,"template":"","format":"standard","meta":{"footnotes":""},"categories":[2307],"tags":[20838],"class_list":["post-176","post","type-post","status-publish","format-standard","hentry","category-diseno","tag-movimientos-del-diseno"],"_links":{"self":[{"href":"https:\/\/blog.espol.edu.ec\/calo\/wp-json\/wp\/v2\/posts\/176","targetHints":{"allow":["GET"]}}],"collection":[{"href":"https:\/\/blog.espol.edu.ec\/calo\/wp-json\/wp\/v2\/posts"}],"about":[{"href":"https:\/\/blog.espol.edu.ec\/calo\/wp-json\/wp\/v2\/types\/post"}],"author":[{"embeddable":true,"href":"https:\/\/blog.espol.edu.ec\/calo\/wp-json\/wp\/v2\/users\/3899"}],"replies":[{"embeddable":true,"href":"https:\/\/blog.espol.edu.ec\/calo\/wp-json\/wp\/v2\/comments?post=176"}],"version-history":[{"count":4,"href":"https:\/\/blog.espol.edu.ec\/calo\/wp-json\/wp\/v2\/posts\/176\/revisions"}],"predecessor-version":[{"id":198,"href":"https:\/\/blog.espol.edu.ec\/calo\/wp-json\/wp\/v2\/posts\/176\/revisions\/198"}],"wp:attachment":[{"href":"https:\/\/blog.espol.edu.ec\/calo\/wp-json\/wp\/v2\/media?parent=176"}],"wp:term":[{"taxonomy":"category","embeddable":true,"href":"https:\/\/blog.espol.edu.ec\/calo\/wp-json\/wp\/v2\/categories?post=176"},{"taxonomy":"post_tag","embeddable":true,"href":"https:\/\/blog.espol.edu.ec\/calo\/wp-json\/wp\/v2\/tags?post=176"}],"curies":[{"name":"wp","href":"https:\/\/api.w.org\/{rel}","templated":true}]}}