{"id":27,"date":"2012-12-04T16:05:45","date_gmt":"2012-12-04T16:05:45","guid":{"rendered":"http:\/\/blog.espol.edu.ec\/caminojobs\/?p=27"},"modified":"2012-12-04T20:59:21","modified_gmt":"2012-12-04T20:59:21","slug":"despues-del-despido","status":"publish","type":"post","link":"https:\/\/blog.espol.edu.ec\/caminojobs\/2012\/12\/04\/despues-del-despido\/","title":{"rendered":"Despu\u00e9s del despido"},"content":{"rendered":"<p>Steve no estaba satisfecho que la empresa la cual el mismo hab\u00eda cofundado lo despidiera, la \u00fanica explicaci\u00f3n que dieron para su despido fue que Steve era muy inmaduro. Jay insisti\u00f3 para que la gente de Apple decidiera que Steve regresar\u00e1 pero fue in\u00fatil, es as\u00ed que casi se gana ser tambi\u00e9n despedido.<\/p>\n<p>Apple se mantuvo despu\u00e9s de que Jhon (actual cabeza de Apple en ese entonces) decidiera llamar a Steve Wozniak as\u00ed mantendr\u00edan con vida a Apple ahora que ya no estaba Steve; hay que tener en cuenta que Jay cre\u00eda que la fusi\u00f3n de Apple a Mac ser\u00eda fruct\u00edfera ya que Mac ser\u00eda el futuro prometedor que se quer\u00eda lograr.<\/p>\n<p>Steve vendi\u00f3 sus acciones de Apple menos una. Despu\u00e9s de algunos a\u00f1os Steve\u00a0presidia\u00a0una reuni\u00f3n para Apple para as\u00ed comunicarles que su idea no era competir con Apple que el tendr\u00eda su propia empresa vendiendo computadoras personales para universidades y lo \u00fanico que quer\u00eda era la inversi\u00f3n de Apple en su proyecto. Apple despu\u00e9s de dialogarlo acept\u00f3.<\/p>\n<p><img decoding=\"async\" src=\"webkit-fake-url:\/\/64F31986-6E6F-431A-8857-14C80B89D4D1\/steve-jobs-kutcher.jpg\" alt=\"steve-jobs-kutcher.jpg\" \/><\/p>\n<p>&nbsp;<\/p>\n<p>&nbsp;<\/p>\n<p>&nbsp;<\/p>\n","protected":false},"excerpt":{"rendered":"<p>Steve no estaba satisfecho que la empresa la cual el mismo hab\u00eda cofundado lo despidiera, la \u00fanica explicaci\u00f3n que dieron para su despido fue que Steve era muy inmaduro. Jay insisti\u00f3 para que la gente de Apple decidiera que Steve regresar\u00e1 pero fue in\u00fatil, es as\u00ed que casi se gana ser tambi\u00e9n despedido. Apple se [\u2026]<\/p>\n","protected":false},"author":7992,"featured_media":0,"comment_status":"open","ping_status":"open","sticky":false,"template":"","format":"standard","meta":{"footnotes":""},"categories":[818],"tags":[],"class_list":["post-27","post","type-post","status-publish","format-standard","hentry","category-sin-categoria"],"_links":{"self":[{"href":"https:\/\/blog.espol.edu.ec\/caminojobs\/wp-json\/wp\/v2\/posts\/27","targetHints":{"allow":["GET"]}}],"collection":[{"href":"https:\/\/blog.espol.edu.ec\/caminojobs\/wp-json\/wp\/v2\/posts"}],"about":[{"href":"https:\/\/blog.espol.edu.ec\/caminojobs\/wp-json\/wp\/v2\/types\/post"}],"author":[{"embeddable":true,"href":"https:\/\/blog.espol.edu.ec\/caminojobs\/wp-json\/wp\/v2\/users\/7992"}],"replies":[{"embeddable":true,"href":"https:\/\/blog.espol.edu.ec\/caminojobs\/wp-json\/wp\/v2\/comments?post=27"}],"version-history":[{"count":4,"href":"https:\/\/blog.espol.edu.ec\/caminojobs\/wp-json\/wp\/v2\/posts\/27\/revisions"}],"predecessor-version":[{"id":29,"href":"https:\/\/blog.espol.edu.ec\/caminojobs\/wp-json\/wp\/v2\/posts\/27\/revisions\/29"}],"wp:attachment":[{"href":"https:\/\/blog.espol.edu.ec\/caminojobs\/wp-json\/wp\/v2\/media?parent=27"}],"wp:term":[{"taxonomy":"category","embeddable":true,"href":"https:\/\/blog.espol.edu.ec\/caminojobs\/wp-json\/wp\/v2\/categories?post=27"},{"taxonomy":"post_tag","embeddable":true,"href":"https:\/\/blog.espol.edu.ec\/caminojobs\/wp-json\/wp\/v2\/tags?post=27"}],"curies":[{"name":"wp","href":"https:\/\/api.w.org\/{rel}","templated":true}]}}