{"id":18,"date":"2010-06-21T14:17:35","date_gmt":"2010-06-21T14:17:35","guid":{"rendered":"http:\/\/blog.espol.edu.ec\/caranalm\/?p=18"},"modified":"2010-06-21T15:28:39","modified_gmt":"2010-06-21T15:28:39","slug":"web-2-0","status":"publish","type":"post","link":"https:\/\/blog.espol.edu.ec\/caranalm\/2010\/06\/21\/web-2-0\/","title":{"rendered":"web 2.0"},"content":{"rendered":"<p><a href=\"http:\/\/blog.espol.edu.ec\/caranalm\/files\/2010\/06\/web2_0paradocentes.jpg\"><img loading=\"lazy\" decoding=\"async\" class=\"alignnone size-full wp-image-31\" style=\"border: red 7px solid\" title=\"web2_0paradocentes\" src=\"http:\/\/blog.espol.edu.ec\/caranalm\/files\/2010\/06\/web2_0paradocentes.jpg\" alt=\"\" width=\"300\" height=\"300\" srcset=\"https:\/\/blog.espol.edu.ec\/caranalm\/files\/2010\/06\/web2_0paradocentes.jpg 300w, https:\/\/blog.espol.edu.ec\/caranalm\/files\/2010\/06\/web2_0paradocentes-150x150.jpg 150w\" sizes=\"auto, (max-width: 300px) 100vw, 300px\" \/><\/a>La We<a href=\"http:\/\/blog.espol.edu.ec\/caranalm\/files\/2010\/06\/bubble1.jpg\"><img loading=\"lazy\" decoding=\"async\" class=\"alignnone size-medium wp-image-32\" style=\"border: red 7px solid\" title=\"bubble\" src=\"http:\/\/blog.espol.edu.ec\/caranalm\/files\/2010\/06\/bubble1-300x225.jpg\" alt=\"\" width=\"300\" height=\"225\" srcset=\"https:\/\/blog.espol.edu.ec\/caranalm\/files\/2010\/06\/bubble1-300x225.jpg 300w, https:\/\/blog.espol.edu.ec\/caranalm\/files\/2010\/06\/bubble1.jpg 640w\" sizes=\"auto, (max-width: 300px) 100vw, 300px\" \/><\/a>b 2.0 es la representaci\u00f3n de la evoluci\u00f3n de las aplicaciones tradicionales hacia aplicaciones web enfocadas al usuario final. El Web 2.0 es una actitud y no precisamente una tecnolog\u00eda.<\/p>\n<p>La Web 2.0 es la transici\u00f3n que se ha dado de aplicaciones tradicionales hacia aplicaciones que funcionan a trav\u00e9s del web enfocadas al usuario final. Se trata de aplicaciones que generen colaboraci\u00f3n y de servicios que reemplacen las aplicaciones de escritorio.<\/p>\n<p>enlace:<\/p>\n<p><a href=\"http:\/\/es.wikipedia.org\/wiki\/Web_2.0\">http:\/\/es.wikipedia.org\/wiki\/Web_2.0<\/a><\/p>\n<p><a href=\"http:\/\/www.maestrosdelweb.com\/editorial\/web2\/\">http:\/\/www.maestrosdelweb.com\/editorial\/web2\/<\/a><\/p>\n<p><a href=\"http:\/\/internality.com\/web20\/\">http:\/\/internality.com\/web20\/<\/a><\/p>\n","protected":false},"excerpt":{"rendered":"<p>La Web 2.0 es la representaci\u00f3n de la evoluci\u00f3n de las aplicaciones tradicionales hacia aplicaciones web enfocadas al usuario final. El Web 2.0 es una actitud y no precisamente una tecnolog\u00eda. La Web 2.0 es la transici\u00f3n que se ha dado de aplicaciones tradicionales hacia aplicaciones que funcionan a trav\u00e9s del web enfocadas al usuario [&hellip;]<\/p>\n","protected":false},"author":4443,"featured_media":0,"comment_status":"open","ping_status":"open","sticky":false,"template":"","format":"standard","meta":{"footnotes":""},"categories":[1],"tags":[20,10442,4094,296,18751],"class_list":["post-18","post","type-post","status-publish","format-standard","hentry","category-uncategorized","tag-aplicaciones","tag-colaboracion","tag-evolucion","tag-tecnologia","tag-web-2-0"],"_links":{"self":[{"href":"https:\/\/blog.espol.edu.ec\/caranalm\/wp-json\/wp\/v2\/posts\/18","targetHints":{"allow":["GET"]}}],"collection":[{"href":"https:\/\/blog.espol.edu.ec\/caranalm\/wp-json\/wp\/v2\/posts"}],"about":[{"href":"https:\/\/blog.espol.edu.ec\/caranalm\/wp-json\/wp\/v2\/types\/post"}],"author":[{"embeddable":true,"href":"https:\/\/blog.espol.edu.ec\/caranalm\/wp-json\/wp\/v2\/users\/4443"}],"replies":[{"embeddable":true,"href":"https:\/\/blog.espol.edu.ec\/caranalm\/wp-json\/wp\/v2\/comments?post=18"}],"version-history":[{"count":7,"href":"https:\/\/blog.espol.edu.ec\/caranalm\/wp-json\/wp\/v2\/posts\/18\/revisions"}],"predecessor-version":[{"id":33,"href":"https:\/\/blog.espol.edu.ec\/caranalm\/wp-json\/wp\/v2\/posts\/18\/revisions\/33"}],"wp:attachment":[{"href":"https:\/\/blog.espol.edu.ec\/caranalm\/wp-json\/wp\/v2\/media?parent=18"}],"wp:term":[{"taxonomy":"category","embeddable":true,"href":"https:\/\/blog.espol.edu.ec\/caranalm\/wp-json\/wp\/v2\/categories?post=18"},{"taxonomy":"post_tag","embeddable":true,"href":"https:\/\/blog.espol.edu.ec\/caranalm\/wp-json\/wp\/v2\/tags?post=18"}],"curies":[{"name":"wp","href":"https:\/\/api.w.org\/{rel}","templated":true}]}}