{"id":48,"date":"2009-11-21T15:04:10","date_gmt":"2009-11-21T20:04:10","guid":{"rendered":"http:\/\/blog.espol.edu.ec\/cararami\/?p=48"},"modified":"2009-11-21T15:04:10","modified_gmt":"2009-11-21T20:04:10","slug":"historia-emelec","status":"publish","type":"post","link":"https:\/\/blog.espol.edu.ec\/cararami\/2009\/11\/21\/historia-emelec\/","title":{"rendered":"Historia Emelec"},"content":{"rendered":"<p><img decoding=\"async\" src=\"http:\/\/i184.photobucket.com\/albums\/x79\/pixvirtual\/us010\/jlkHc62twwRJ.jpg\" alt=\"Emelec\" \/><br \/>\nEmelec nace gracias a la creaci\u00f3n de una asamblea de empleados de la Empresa El\u00e9ctrica del Ecuador convocada por George Capwell, un 28 de abril de 1929. El \u201cGringo\u201d, como era apodado Capwell, fue un estadounidense que lleg\u00f3 a Guayaquil como ejecutivo de la Empresa El\u00e9ctrica. \u00c9l, junto a un grupo de amigos, dieron vida al cuadro el\u00e9ctrico, como tambi\u00e9n se lo conoce.<\/p>\n<p>En un principio, la idea era tener equipos de B\u00e9isbol y Boxeo; sin embargo, con la celebraci\u00f3n del Sudamericano de F\u00fatbol del a\u00f1o 1947, se form\u00f3 un cuadro que, con el pasar del tiempo, se convertir\u00eda en una de las instituciones del balompi\u00e9 m\u00e1s populares y exitosas del pa\u00eds.<\/p>\n<p>Nacido en el barrio del astillero, junto a su hermano Barcelona, se convirti\u00f3 en el primer campe\u00f3n nacional en 1957, habiendo alcanzado hasta la fecha diez t\u00edtulos. Entre sus grandes figuras que pasearon su clase en el viejo y renovado estadio Capwell constan: Carlos Raffo, Eduardo Garc\u00eda, Jorge Bola\u00f1os, Carlos Torres Garc\u00e9s, Carlos Ju\u00e1rez, entre otros.<\/p>\n<p>Estos dos equipos de f\u00fatbol, sin duda, forman parte de la historia, tradici\u00f3n y evoluci\u00f3n de la ciudad de Guayaquil, que durante el transcurso de los a\u00f1os siguen siendo los equipos m\u00e1s queridos y reconocidos en el pa\u00eds.<\/p>\n<p>Enclavado en el coraz\u00f3n del Astillero, ese tradicional y antiguo barrio guayaquile\u00f1o donde se constru\u00edan los barcos y forjado en las entra\u00f1as de la Empresa El\u00e9ctrica del Ecuador, la due\u00f1a de la energ\u00eda y la luz, esa luz que irradia solo a los grandes, un 28 de abril de 1929, hace ya 75 a\u00f1os, naci\u00f3 el Club Sport Emelec para iluminar el firmamento deportivo ecuatoriano y constituirse en el paso del tiempo como una de las instituciones m\u00e1s gloriosas de nuestra patria<\/p>\n","protected":false},"excerpt":{"rendered":"<p>Emelec nace gracias a la creaci\u00f3n de una asamblea de empleados de la Empresa El\u00e9ctrica del Ecuador convocada por George Capwell, un 28 de abril de 1929. El \u201cGringo\u201d, como era apodado Capwell, fue un estadounidense que lleg\u00f3 a Guayaquil como ejecutivo de la Empresa El\u00e9ctrica. \u00c9l, junto a un grupo de amigos, dieron vida [&hellip;]<\/p>\n","protected":false},"author":3264,"featured_media":0,"comment_status":"open","ping_status":"open","sticky":false,"template":"","format":"standard","meta":{"footnotes":""},"categories":[59],"tags":[],"class_list":["post-48","post","type-post","status-publish","format-standard","hentry","category-futbol"],"_links":{"self":[{"href":"https:\/\/blog.espol.edu.ec\/cararami\/wp-json\/wp\/v2\/posts\/48","targetHints":{"allow":["GET"]}}],"collection":[{"href":"https:\/\/blog.espol.edu.ec\/cararami\/wp-json\/wp\/v2\/posts"}],"about":[{"href":"https:\/\/blog.espol.edu.ec\/cararami\/wp-json\/wp\/v2\/types\/post"}],"author":[{"embeddable":true,"href":"https:\/\/blog.espol.edu.ec\/cararami\/wp-json\/wp\/v2\/users\/3264"}],"replies":[{"embeddable":true,"href":"https:\/\/blog.espol.edu.ec\/cararami\/wp-json\/wp\/v2\/comments?post=48"}],"version-history":[{"count":2,"href":"https:\/\/blog.espol.edu.ec\/cararami\/wp-json\/wp\/v2\/posts\/48\/revisions"}],"predecessor-version":[{"id":50,"href":"https:\/\/blog.espol.edu.ec\/cararami\/wp-json\/wp\/v2\/posts\/48\/revisions\/50"}],"wp:attachment":[{"href":"https:\/\/blog.espol.edu.ec\/cararami\/wp-json\/wp\/v2\/media?parent=48"}],"wp:term":[{"taxonomy":"category","embeddable":true,"href":"https:\/\/blog.espol.edu.ec\/cararami\/wp-json\/wp\/v2\/categories?post=48"},{"taxonomy":"post_tag","embeddable":true,"href":"https:\/\/blog.espol.edu.ec\/cararami\/wp-json\/wp\/v2\/tags?post=48"}],"curies":[{"name":"wp","href":"https:\/\/api.w.org\/{rel}","templated":true}]}}