{"id":115,"date":"2010-06-24T01:59:48","date_gmt":"2010-06-24T01:59:48","guid":{"rendered":"http:\/\/blog.espol.edu.ec\/ccguaman\/?p=115"},"modified":"2010-06-24T01:59:48","modified_gmt":"2010-06-24T01:59:48","slug":"grupo-mana","status":"publish","type":"post","link":"https:\/\/blog.espol.edu.ec\/ccguaman\/2010\/06\/24\/grupo-mana\/","title":{"rendered":"Grupo Mana"},"content":{"rendered":"<p><a href=\"http:\/\/blog.espol.edu.ec\/ccguaman\/files\/2010\/06\/mana1.jpg\"><img loading=\"lazy\" decoding=\"async\" src=\"http:\/\/blog.espol.edu.ec\/ccguaman\/files\/2010\/06\/mana1-300x266.jpg\" alt=\"\" title=\"Grupo Mana\" width=\"300\" height=\"266\" class=\"aligncenter size-medium wp-image-116\" srcset=\"https:\/\/blog.espol.edu.ec\/ccguaman\/files\/2010\/06\/mana1-300x266.jpg 300w, https:\/\/blog.espol.edu.ec\/ccguaman\/files\/2010\/06\/mana1.jpg 316w\" sizes=\"auto, (max-width: 300px) 100vw, 300px\" \/><\/a><br \/>\nSi quiere escuchar sus musicas da click en <a href=\"http:\/\/www.fulltono.com\/rock-en-espanol\/mana\/\">MUSICAS DE MANA<\/a><\/p>\n<p>Man\u00e1 es una banda musical mexicana de rock y pop latino, fundada en 1987<br \/>\nLos or\u00edgenes de Man\u00e1 se remontan a un grupo musical llamado Sombrero Verde, cuyos integrantes Jos\u00e9 Fernando (Fher) Olvera, como voz; Gustavo Orozco, a la guitarra el\u00e9ctrica; y los hermanos Calleros: Juan Diego, al bajo, Ulises, a la guitarra el\u00e9ctrica y Abraham, a la bater\u00eda originarios de Guadalajara<br \/>\nEn 1987, el grupo firm\u00f3 con la discogr\u00e1fica Polygram y public\u00f3 Man\u00e1, disco que afianzar\u00eda el movimiento Rock en tu idioma; entre sus sencillos, estaban 10 temas.<br \/>\nA pesar de haber obtenido cierto \u00e9xito, esa primera grabaci\u00f3n como Man\u00e1 no dej\u00f3 del todo satisfechos a los componentes del grupo. Diversos roces con el sello por el deseo de mantener la identidad del grupo frente a los intereses comerciales, llevaron a Man\u00e1 a firmar con Warner Music.<br \/>\nEn febrero de 2006, Man\u00e1 empez\u00f3 a grabar Amar es combatir, el cual fue lanzado el 22 de agosto de 2006, alcanzando el n\u00famero 4 en el \"Top 200 Albums\" de la revista Billboard en los Estados Unidos<br \/>\nSi quieres saber mas de esta gran bande da click en <a href=\"http:\/\/es.wikipedia.org\/wiki\/Man%C3%A1_(banda)\">Biografia de Mana<\/a><\/p>\n","protected":false},"excerpt":{"rendered":"<p>Si quiere escuchar sus musicas da click en MUSICAS DE MANA Man\u00e1 es una banda musical mexicana de rock y pop latino, fundada en 1987 Los or\u00edgenes de Man\u00e1 se remontan a un grupo musical llamado Sombrero Verde, cuyos integrantes Jos\u00e9 Fernando (Fher) Olvera, como voz; Gustavo Orozco, a la guitarra el\u00e9ctrica; y los hermanos [&hellip;]<\/p>\n","protected":false},"author":3801,"featured_media":0,"comment_status":"open","ping_status":"open","sticky":false,"template":"","format":"standard","meta":{"footnotes":""},"categories":[1],"tags":[],"class_list":["post-115","post","type-post","status-publish","format-standard","hentry","category-uncategorized"],"_links":{"self":[{"href":"https:\/\/blog.espol.edu.ec\/ccguaman\/wp-json\/wp\/v2\/posts\/115","targetHints":{"allow":["GET"]}}],"collection":[{"href":"https:\/\/blog.espol.edu.ec\/ccguaman\/wp-json\/wp\/v2\/posts"}],"about":[{"href":"https:\/\/blog.espol.edu.ec\/ccguaman\/wp-json\/wp\/v2\/types\/post"}],"author":[{"embeddable":true,"href":"https:\/\/blog.espol.edu.ec\/ccguaman\/wp-json\/wp\/v2\/users\/3801"}],"replies":[{"embeddable":true,"href":"https:\/\/blog.espol.edu.ec\/ccguaman\/wp-json\/wp\/v2\/comments?post=115"}],"version-history":[{"count":1,"href":"https:\/\/blog.espol.edu.ec\/ccguaman\/wp-json\/wp\/v2\/posts\/115\/revisions"}],"predecessor-version":[{"id":117,"href":"https:\/\/blog.espol.edu.ec\/ccguaman\/wp-json\/wp\/v2\/posts\/115\/revisions\/117"}],"wp:attachment":[{"href":"https:\/\/blog.espol.edu.ec\/ccguaman\/wp-json\/wp\/v2\/media?parent=115"}],"wp:term":[{"taxonomy":"category","embeddable":true,"href":"https:\/\/blog.espol.edu.ec\/ccguaman\/wp-json\/wp\/v2\/categories?post=115"},{"taxonomy":"post_tag","embeddable":true,"href":"https:\/\/blog.espol.edu.ec\/ccguaman\/wp-json\/wp\/v2\/tags?post=115"}],"curies":[{"name":"wp","href":"https:\/\/api.w.org\/{rel}","templated":true}]}}