{"id":98,"date":"2010-06-24T00:57:09","date_gmt":"2010-06-24T00:57:09","guid":{"rendered":"http:\/\/blog.espol.edu.ec\/ccguaman\/?p=98"},"modified":"2010-06-26T21:54:29","modified_gmt":"2010-06-26T21:54:29","slug":"juanes","status":"publish","type":"post","link":"https:\/\/blog.espol.edu.ec\/ccguaman\/2010\/06\/24\/juanes\/","title":{"rendered":"Juanes"},"content":{"rendered":"<p><a href=\"http:\/\/blog.espol.edu.ec\/ccguaman\/files\/2010\/06\/juanesjuanees.jpg\"><img loading=\"lazy\" decoding=\"async\" src=\"http:\/\/blog.espol.edu.ec\/ccguaman\/files\/2010\/06\/juanesjuanees-283x300.jpg\" alt=\"Cantante Colombiano\" title=\"juanes\" width=\"283\" height=\"300\" class=\"aligncenter size-medium wp-image-99\" srcset=\"https:\/\/blog.espol.edu.ec\/ccguaman\/files\/2010\/06\/juanesjuanees-283x300.jpg 283w, https:\/\/blog.espol.edu.ec\/ccguaman\/files\/2010\/06\/juanesjuanees.jpg 374w\" sizes=\"auto, (max-width: 283px) 100vw, 283px\" \/><\/a><br \/>\nSi quieres escuchar sus musicas da click <a href=\"http:\/\/www.fulltono.com\/pop-rock\/juanes\/\">MUSICAS DE JUANES<\/a><\/p>\n<p>Juan Esteban Aristiz\u00e1bal V\u00e1squez Medellin, Antioquia, Colombia, 9 de agosto de 1972 m\u00e1s conocido como Juanes, es un cantante, compositor, arreglista y activista colombiano de pop rock en espa\u00f1ol que fusiona diversos ritmos musicales. Es adem\u00e1s un declarado activista de causas sociales y humanitarias Sus \u00e9xitos comenzaron cuando empez\u00f3 a incorporar la m\u00fasica rural colombiana, que es producto de las fusiones de rock pop con ritmos ind\u00edgenas, africanos e hispanos<br \/>\nComenz\u00f3 su carrera art\u00edstica a la edad de 15 a\u00f1os, en la ciudad de Medell\u00edn, como miembro de la banda Ekhymosis con la que grab\u00f3 5 \u00e1lbumes y alcanz\u00f3 notoriedad en su pa\u00eds, con esta banda Juanes logro colectar fama en varios paises Latinoamericanos debido a la calidad compositiva y lo mas importante es que estaba muy influenciado por artistas que se caracterizaban en la m\u00fasica de g\u00e9nero Rock.<br \/>\nsi quieres saber mas de este cantante da click en <a href=\"http:\/\/es.wikipedia.org\/wiki\/Juanes\">BIOGRAFIA DE JUANES<\/a><\/p>\n","protected":false},"excerpt":{"rendered":"<p>Si quieres escuchar sus musicas da click MUSICAS DE JUANES Juan Esteban Aristiz\u00e1bal V\u00e1squez Medellin, Antioquia, Colombia, 9 de agosto de 1972 m\u00e1s conocido como Juanes, es un cantante, compositor, arreglista y activista colombiano de pop rock en espa\u00f1ol que fusiona diversos ritmos musicales. Es adem\u00e1s un declarado activista de causas sociales y humanitarias Sus [&hellip;]<\/p>\n","protected":false},"author":3801,"featured_media":0,"comment_status":"open","ping_status":"open","sticky":false,"template":"","format":"standard","meta":{"footnotes":""},"categories":[1],"tags":[],"class_list":["post-98","post","type-post","status-publish","format-standard","hentry","category-uncategorized"],"_links":{"self":[{"href":"https:\/\/blog.espol.edu.ec\/ccguaman\/wp-json\/wp\/v2\/posts\/98","targetHints":{"allow":["GET"]}}],"collection":[{"href":"https:\/\/blog.espol.edu.ec\/ccguaman\/wp-json\/wp\/v2\/posts"}],"about":[{"href":"https:\/\/blog.espol.edu.ec\/ccguaman\/wp-json\/wp\/v2\/types\/post"}],"author":[{"embeddable":true,"href":"https:\/\/blog.espol.edu.ec\/ccguaman\/wp-json\/wp\/v2\/users\/3801"}],"replies":[{"embeddable":true,"href":"https:\/\/blog.espol.edu.ec\/ccguaman\/wp-json\/wp\/v2\/comments?post=98"}],"version-history":[{"count":2,"href":"https:\/\/blog.espol.edu.ec\/ccguaman\/wp-json\/wp\/v2\/posts\/98\/revisions"}],"predecessor-version":[{"id":122,"href":"https:\/\/blog.espol.edu.ec\/ccguaman\/wp-json\/wp\/v2\/posts\/98\/revisions\/122"}],"wp:attachment":[{"href":"https:\/\/blog.espol.edu.ec\/ccguaman\/wp-json\/wp\/v2\/media?parent=98"}],"wp:term":[{"taxonomy":"category","embeddable":true,"href":"https:\/\/blog.espol.edu.ec\/ccguaman\/wp-json\/wp\/v2\/categories?post=98"},{"taxonomy":"post_tag","embeddable":true,"href":"https:\/\/blog.espol.edu.ec\/ccguaman\/wp-json\/wp\/v2\/tags?post=98"}],"curies":[{"name":"wp","href":"https:\/\/api.w.org\/{rel}","templated":true}]}}