{"id":3,"date":"2011-10-14T16:01:58","date_gmt":"2011-10-14T16:01:58","guid":{"rendered":"http:\/\/blog.espol.edu.ec\/cedacast\/?p=3"},"modified":"2011-10-25T16:19:13","modified_gmt":"2011-10-25T16:19:13","slug":"galapagos","status":"publish","type":"post","link":"https:\/\/blog.espol.edu.ec\/cedacast\/2011\/10\/14\/galapagos\/","title":{"rendered":"Galapagos"},"content":{"rendered":"<p>Las <a class=\"wp-caption-dd\" title=\"GOOGLE\" href=\"http:\/\/www.google.com\" target=\"_blank\"><strong>islas Gal\u00e1pagos<\/strong><\/a> (tambi\u00e9n <strong>islas de los Gal\u00e1pagos<\/strong> y  oficialmente <strong>archipi\u00e9lago de Col\u00f3n<\/strong>) constituyen un archipi\u00e9lago del oc\u00e9ano Pac\u00edfico ubicado a 972 km de la costa  de Ecuador.  Est\u00e1 conformado por 13 grandes islas volc\u00e1nicas, 6 islas m\u00e1s peque\u00f1as y  107 rocas e islotes, distribuidas alrededor de la l\u00ednea del ecuador terrestre.<\/p>\n<p>Administrativamente, las islas constituyen una provincia de  Ecuador, cuya capital es Puerto Baquerizo Moreno (oficialmente, tambi\u00e9n se le denomina <em>Regi\u00f3n Insular del Ecuador<\/em>).  El 12 de febrero de 1832, bajo la presidencia de Juan Jos\u00e9 Flores, las islas Gal\u00e1pagos fueron anexadas a  Ecuador. Desde el 18 de febrero de 1973 constituyen una provincia de este pa\u00eds.<\/p>\n<p>Se estima que la formaci\u00f3n de la primera isla tuvo lugar hace m\u00e1s de 5  millones de a\u00f1os, como resultado de la actividad tect\u00f3nica. Las islas  m\u00e1s recientes, llamadas Isabela y Fernandina, est\u00e1n todav\u00eda en proceso  de formaci\u00f3n, habi\u00e9ndose registrado la erupci\u00f3n volc\u00e1nica m\u00e1s reciente  en 2009.<\/p>\n<p>Las islas Gal\u00e1pagos son famosas por sus numerosas especies end\u00e9micas y  por los estudios de Charles Darwin que le llevaron a establecer su Teor\u00eda de la  Evoluci\u00f3n por la selecci\u00f3n natural. Son llamadas,  tur\u00edsticamente, las \u00abislas Encantadas\u00bb ya que la flora y fauna  encontrada all\u00ed es pr\u00e1cticamente \u00fanica y no se la puede encontrar en  ninguna otra parte del mundo. Es por eso que mucha gente las visita y  disfruta al conocer a los animales y a las plantas \u00fanicas.<\/p>\n<p><!--more--><\/p>\n<p style=\"text-align: center\"><a href=\"http:\/\/blog.espol.edu.ec\/cedacast\/files\/2011\/10\/galapagos11.jpg\"><img loading=\"lazy\" decoding=\"async\" class=\"alignnone size-medium wp-image-7\" style=\"border: 10px solid black\" title=\"galapagos1\" src=\"http:\/\/blog.espol.edu.ec\/cedacast\/files\/2011\/10\/galapagos11-300x165.jpg\" alt=\"\" width=\"300\" height=\"165\" srcset=\"https:\/\/blog.espol.edu.ec\/cedacast\/files\/2011\/10\/galapagos11-300x165.jpg 300w, https:\/\/blog.espol.edu.ec\/cedacast\/files\/2011\/10\/galapagos11.jpg 302w\" sizes=\"auto, (max-width: 300px) 100vw, 300px\" \/><\/a><\/p>\n<p><object style=\"height: 390px;width: 640px\" classid=\"clsid:d27cdb6e-ae6d-11cf-96b8-444553540000\" width=\"100\" height=\"100\"><param name=\"allowFullScreen\" value=\"true\" \/><param name=\"allowScriptAccess\" value=\"always\" \/><param name=\"src\" value=\"http:\/\/www.youtube.com\/v\/MgcVHoVpEOo?version=3\" \/><param name=\"allowfullscreen\" value=\"true\" \/><embed style=\"height: 390px;width: 640px\" type=\"application\/x-shockwave-flash\" width=\"100\" height=\"100\" src=\"http:\/\/www.youtube.com\/v\/MgcVHoVpEOo?version=3\" allowscriptaccess=\"always\" allowfullscreen=\"true\"><\/embed><\/object><\/p>\n","protected":false},"excerpt":{"rendered":"<p>Las islas Gal\u00e1pagos (tambi\u00e9n islas de los Gal\u00e1pagos y oficialmente archipi\u00e9lago de Col\u00f3n) constituyen un archipi\u00e9lago del oc\u00e9ano Pac\u00edfico ubicado a 972 km de la costa de Ecuador. Est\u00e1 conformado por 13 grandes islas volc\u00e1nicas, 6 islas m\u00e1s peque\u00f1as y 107 rocas e islotes, distribuidas alrededor de la l\u00ednea del ecuador terrestre. Administrativamente, las islas [&hellip;]<\/p>\n","protected":false},"author":6857,"featured_media":0,"comment_status":"open","ping_status":"open","sticky":false,"template":"","format":"standard","meta":{"footnotes":""},"categories":[296],"tags":[32571,17175,70,1321,72626],"class_list":["post-3","post","type-post","status-publish","format-standard","hentry","category-tecnologia","tag-archipielago","tag-colon","tag-ecuador","tag-galapagos","tag-islas"],"_links":{"self":[{"href":"https:\/\/blog.espol.edu.ec\/cedacast\/wp-json\/wp\/v2\/posts\/3","targetHints":{"allow":["GET"]}}],"collection":[{"href":"https:\/\/blog.espol.edu.ec\/cedacast\/wp-json\/wp\/v2\/posts"}],"about":[{"href":"https:\/\/blog.espol.edu.ec\/cedacast\/wp-json\/wp\/v2\/types\/post"}],"author":[{"embeddable":true,"href":"https:\/\/blog.espol.edu.ec\/cedacast\/wp-json\/wp\/v2\/users\/6857"}],"replies":[{"embeddable":true,"href":"https:\/\/blog.espol.edu.ec\/cedacast\/wp-json\/wp\/v2\/comments?post=3"}],"version-history":[{"count":7,"href":"https:\/\/blog.espol.edu.ec\/cedacast\/wp-json\/wp\/v2\/posts\/3\/revisions"}],"predecessor-version":[{"id":10,"href":"https:\/\/blog.espol.edu.ec\/cedacast\/wp-json\/wp\/v2\/posts\/3\/revisions\/10"}],"wp:attachment":[{"href":"https:\/\/blog.espol.edu.ec\/cedacast\/wp-json\/wp\/v2\/media?parent=3"}],"wp:term":[{"taxonomy":"category","embeddable":true,"href":"https:\/\/blog.espol.edu.ec\/cedacast\/wp-json\/wp\/v2\/categories?post=3"},{"taxonomy":"post_tag","embeddable":true,"href":"https:\/\/blog.espol.edu.ec\/cedacast\/wp-json\/wp\/v2\/tags?post=3"}],"curies":[{"name":"wp","href":"https:\/\/api.w.org\/{rel}","templated":true}]}}