{"id":44,"date":"2010-05-22T16:55:56","date_gmt":"2010-05-22T16:55:56","guid":{"rendered":"http:\/\/blog.espol.edu.ec\/cevimedi\/?p=44"},"modified":"2010-05-22T16:58:35","modified_gmt":"2010-05-22T16:58:35","slug":"poema-de-una-adolescente","status":"publish","type":"post","link":"https:\/\/blog.espol.edu.ec\/cevimedi\/2010\/05\/22\/poema-de-una-adolescente\/","title":{"rendered":"Poema de una Adolescente."},"content":{"rendered":"<div style=\"width:425px\" id=\"__ss_4227981\"><strong><a href=\"http:\/\/www.slideshare.net\/belcita1810\/un-poema\" title=\"Un poema\">Un poema<\/a><\/strong><object width=\"425\" height=\"355\"><param name=\"movie\" value=\"http:\/\/static.slidesharecdn.com\/swf\/ssplayer2.swf?doc=unpoema-100522115124-phpapp02&amp;stripped_title=un-poema\" \/><param name=\"allowFullScreen\"><param name=\"allowScriptAccess\"><embed src=\"http:\/\/static.slidesharecdn.com\/swf\/ssplayer2.swf?doc=unpoema-100522115124-phpapp02&amp;stripped_title=un-poema\" type=\"application\/x-shockwave-flash\" width=\"425\" height=\"355\"><\/embed><\/object><\/p>\n<div style=\"padding:5px 0 12px\">View more <a href=\"http:\/\/www.slideshare.net\/\">presentations<\/a> from <a href=\"http:\/\/www.slideshare.net\/belcita1810\">cecibel<\/a>.<\/div>\n<\/div>\n<p>Siguiendo sus sugerencias, hablamos de poemas. Este poema lo escrib\u00ed cuando ten\u00eda 14 a\u00f1os espero que les guste y compartan conmigo sus poemas. La poes\u00eda es una expresi\u00f3n del arte, de la que somos due\u00f1os enteramente, podemos expresarnos como queramos. \u00bfLes gustan los poemas?\u00bfSe animar\u00eda a compartir con el mundo su arte?<\/p>\n<p>Si Las fotos dicen lo contrario es para que se diviertan un poco, pero el poema en el momento me salio del coraz\u00f3n.<\/p>\n","protected":false},"excerpt":{"rendered":"<p>Un poema View more presentations from cecibel. Siguiendo sus sugerencias, hablamos de poemas. Este poema lo escrib\u00ed cuando ten\u00eda 14 a\u00f1os espero que les guste y compartan conmigo sus poemas. La poes\u00eda es una expresi\u00f3n del arte, de la que somos due\u00f1os enteramente, podemos expresarnos como queramos. \u00bfLes gustan los poemas?\u00bfSe animar\u00eda a compartir con [&hellip;]<\/p>\n","protected":false},"author":3859,"featured_media":0,"comment_status":"open","ping_status":"open","sticky":false,"template":"","format":"standard","meta":{"footnotes":""},"categories":[1],"tags":[],"class_list":["post-44","post","type-post","status-publish","format-standard","hentry","category-uncategorized"],"_links":{"self":[{"href":"https:\/\/blog.espol.edu.ec\/cevimedi\/wp-json\/wp\/v2\/posts\/44","targetHints":{"allow":["GET"]}}],"collection":[{"href":"https:\/\/blog.espol.edu.ec\/cevimedi\/wp-json\/wp\/v2\/posts"}],"about":[{"href":"https:\/\/blog.espol.edu.ec\/cevimedi\/wp-json\/wp\/v2\/types\/post"}],"author":[{"embeddable":true,"href":"https:\/\/blog.espol.edu.ec\/cevimedi\/wp-json\/wp\/v2\/users\/3859"}],"replies":[{"embeddable":true,"href":"https:\/\/blog.espol.edu.ec\/cevimedi\/wp-json\/wp\/v2\/comments?post=44"}],"version-history":[{"count":3,"href":"https:\/\/blog.espol.edu.ec\/cevimedi\/wp-json\/wp\/v2\/posts\/44\/revisions"}],"predecessor-version":[{"id":46,"href":"https:\/\/blog.espol.edu.ec\/cevimedi\/wp-json\/wp\/v2\/posts\/44\/revisions\/46"}],"wp:attachment":[{"href":"https:\/\/blog.espol.edu.ec\/cevimedi\/wp-json\/wp\/v2\/media?parent=44"}],"wp:term":[{"taxonomy":"category","embeddable":true,"href":"https:\/\/blog.espol.edu.ec\/cevimedi\/wp-json\/wp\/v2\/categories?post=44"},{"taxonomy":"post_tag","embeddable":true,"href":"https:\/\/blog.espol.edu.ec\/cevimedi\/wp-json\/wp\/v2\/tags?post=44"}],"curies":[{"name":"wp","href":"https:\/\/api.w.org\/{rel}","templated":true}]}}