{"id":37,"date":"2011-06-10T08:46:55","date_gmt":"2011-06-10T08:46:55","guid":{"rendered":"http:\/\/blog.espol.edu.ec\/cfcalle\/?p=37"},"modified":"2011-06-11T15:39:27","modified_gmt":"2011-06-11T15:39:27","slug":"the-rasmus","status":"publish","type":"post","link":"https:\/\/blog.espol.edu.ec\/cfcalle\/2011\/06\/10\/the-rasmus\/","title":{"rendered":"\" Las estrellas que he escuchado.\""},"content":{"rendered":"<p><strong><a href=\"http:\/\/blog.espol.edu.ec\/cfcalle\/files\/2011\/06\/THE-END.jpg\"><\/a>THE RASMUS<\/strong><\/p>\n<p><strong>The Rasmus<\/strong> es una banda de <a title=\"Rock alternativo\" href=\"\/wiki\/Rock_alternativo\">rock alternativo<\/a> originaria de la ciudad de <a title=\"Helsinki\" href=\"\/wiki\/Helsinki\">Helsinki<\/a>. Actualmente son considerados como una de la bandas finlandesas m\u00e1s importantes. El grupo, como muchas bandas europeas, interpreta casi totalmente en ingl\u00e9s. Su fama comienza en varias naciones de <a title=\"Asia\" href=\"\/wiki\/Asia\">Asia<\/a> siguiendo por Latinoam\u00e9rica, <a title=\"Alemania\" href=\"\/wiki\/Alemania\">Alemania<\/a>, toda <a title=\"Europa\" href=\"\/wiki\/Europa\">Europa<\/a> y obviamente en su pa\u00eds natal. Han alcanzado su m\u00e1xima popularidad con su \u00e1lbum <em><a title=\"Dead Letters\" href=\"\/wiki\/Dead_Letters\">Dead Letters<\/a><\/em>, en <a title=\"2003\" href=\"\/wiki\/2003\">2003<\/a>.<\/p>\n<p>Actualmente se encuentran trabajando para su pr\u00f3ximo \u00e1lbum, el cual seg\u00fan la misma banda ha anunciado, ser\u00e1 lanzado este a\u00f1o (<a title=\"2011\" href=\"\/wiki\/2011\">2011<\/a>). Paralelamente a lo anterior, el vocalista de la banda, Lauri Yl\u00f6nen ha editado un disco solista en Marzo del presente a\u00f1o. La canci\u00f3n 'Heavy' es el primer single del \u00e1lbum, cuyo video fue grabado en Diciembre del 2010 por Owe Lingvall en Suecia. Lauri ha presentado esta canci\u00f3n en vivo por primera vez en los premios Emma Gaala (equivalente finland\u00e9s al Grammy alem\u00e1n) el 26 de Febrero.<\/p>\n<p><a href=\"http:\/\/blog.espol.edu.ec\/cfcalle\/files\/2011\/06\/the-rasmus1.jpg\"><img loading=\"lazy\" decoding=\"async\" class=\"aligncenter size-medium wp-image-38\" title=\"the-rasmus[1]\" src=\"http:\/\/blog.espol.edu.ec\/cfcalle\/files\/2011\/06\/the-rasmus1-300x225.jpg\" alt=\"\" width=\"300\" height=\"225\" srcset=\"https:\/\/blog.espol.edu.ec\/cfcalle\/files\/2011\/06\/the-rasmus1-300x225.jpg 300w, https:\/\/blog.espol.edu.ec\/cfcalle\/files\/2011\/06\/the-rasmus1.jpg 1024w\" sizes=\"auto, (max-width: 300px) 100vw, 300px\" \/><\/a><\/p>\n<p><a href=\"http:\/\/www.youtube.com\/watch?v=9cgAegw0ORM\">\\\"NO FEAR\\\"<\/a><\/p>\n<p><strong>AVRLI LAVIGNE<\/strong><\/p>\n<p>Cuando sali\u00f3 a la venta su primer disco, Avril era conocida como una chica rebelde con estilo \"punk\" o \"skater\", principalmente por usar <a title=\"Corbata\" href=\"\/wiki\/Corbata\">corbatas<\/a>, pero en el a\u00f1o <a title=\"2003\" href=\"\/wiki\/2003\">2003<\/a> dej\u00f3 de usarlas por convertirse en un s\u00edmbolo de la <a title=\"Moda\" href=\"\/wiki\/Moda\">moda<\/a> que en aqu\u00e9lla \u00e9poca le molesto. Con la salida de <em><a title=\"Under My Skin\" href=\"\/wiki\/Under_My_Skin\">Under My Skin<\/a><\/em>, Avril adopt\u00f3 una onda m\u00e1s <a title=\"Post-grunge\" href=\"\/wiki\/Post-grunge\">post-grunge<\/a> y uso las calaveras como s\u00edmbolo personal, al igual que incursion\u00f3 al ponerse botas, tutus y corsetes. Toda la ropa durante esta era fue principalmente negra y algo de rojo. Con su nuevo \u00e1lbum, <em><a title=\"The Best Damn Thing\" href=\"\/wiki\/The_Best_Damn_Thing\">The Best Damn Thing<\/a><\/em>, Avril ha adoptado una imagen m\u00e1s femenina que en los \u00e1lbumes anteriores, pasando a utilizar faldas y haciendo una gran identificaci\u00f3n con el color rosa, al mismo tiempo que muestra un lado alegre y divertido a un estilo <a title=\"Glam rock\" href=\"\/wiki\/Glam_rock\">glam rock<\/a>\/<a title=\"Pop punk\" href=\"\/wiki\/Pop_punk\">pop punk<\/a>. En 2011 con la salida de su cuarto album <em>Goodbye Lullaby<\/em> Avril opt\u00f3 por el color verde para representar la era, el cual tambien lo ti\u00f1o en su cabello.<\/p>\n<p><a href=\"http:\/\/blog.espol.edu.ec\/cfcalle\/files\/2011\/06\/AVRIL-LAVIGNE1.jpg\"><img loading=\"lazy\" decoding=\"async\" class=\"aligncenter size-medium wp-image-43\" title=\"AVRIL-LAVIGNE[1]\" src=\"http:\/\/blog.espol.edu.ec\/cfcalle\/files\/2011\/06\/AVRIL-LAVIGNE1-263x300.jpg\" alt=\"\" width=\"263\" height=\"300\" srcset=\"https:\/\/blog.espol.edu.ec\/cfcalle\/files\/2011\/06\/AVRIL-LAVIGNE1-263x300.jpg 263w, https:\/\/blog.espol.edu.ec\/cfcalle\/files\/2011\/06\/AVRIL-LAVIGNE1.jpg 600w\" sizes=\"auto, (max-width: 263px) 100vw, 263px\" \/><\/a><\/p>\n<p><a href=\"http:\/\/www.youtube.com\/watch?v=V_j-r6krxe4\">\\\"ALICE (underground) \\\"<\/a><\/p>\n<p><strong>MAGO DE OZ<\/strong><\/p>\n<p><strong>M\u00e4go de Oz<\/strong> es un grupo <a title=\"Espa\u00f1a\" href=\"\/wiki\/Espa%C3%B1a\">espa\u00f1ol<\/a> de <a title=\"Folk metal\" href=\"\/wiki\/Folk_metal\">folk metal<\/a>, formado en mayo de <a title=\"1988\" href=\"\/wiki\/1988\">1988<\/a> por el baterista <a title=\"Txus di Fellatio\" href=\"\/wiki\/Txus_di_Fellatio\">Txus di Fellatio<\/a> en el Barrio de <a title=\"Bego\u00f1a\" href=\"\/wiki\/Bego%C3%B1a\">Bego\u00f1a<\/a>, <a title=\"Madrid\" href=\"\/wiki\/Madrid\">Madrid<\/a>. Inicialmente llamado Transilvania, en honor a <a title=\"Iron Maiden\" href=\"\/wiki\/Iron_Maiden\">Iron Maiden<\/a>, no ser\u00eda hasta 1989 cuando pasar\u00eda a llamarse M\u00e4go de Oz.<\/p>\n<p style=\"text-align: center\">\u00a0<\/p>\n<p style=\"text-align: center\">\u00a0<\/p>\n<p style=\"text-align: center\"><a href=\"http:\/\/blog.espol.edu.ec\/cfcalle\/files\/2011\/06\/MAGO.jpg\"><img loading=\"lazy\" decoding=\"async\" class=\"size-medium wp-image-48 aligncenter\" title=\"MAGO\" src=\"http:\/\/blog.espol.edu.ec\/cfcalle\/files\/2011\/06\/MAGO-300x300.jpg\" alt=\"\" width=\"300\" height=\"300\" srcset=\"https:\/\/blog.espol.edu.ec\/cfcalle\/files\/2011\/06\/MAGO-300x300.jpg 300w, https:\/\/blog.espol.edu.ec\/cfcalle\/files\/2011\/06\/MAGO-150x150.jpg 150w, https:\/\/blog.espol.edu.ec\/cfcalle\/files\/2011\/06\/MAGO.jpg 953w\" sizes=\"auto, (max-width: 300px) 100vw, 300px\" \/><\/a><\/p>\n<p><em><strong>Gaia III: Atlantia:<\/strong><\/em><\/p>\n<p>El disco fue publicado el <a title=\"6 de abril\" href=\"\/wiki\/6_de_abril\">6 de abril<\/a> de 2010. \"Que el viento sople a tu favor\" ser\u00eda el primer sencillo del \u00e1lbum. El disco cont\u00f3 con la colaboraci\u00f3n de artistas como Kutxi Romero, Leo Jim\u00e9nez, Carlos Escobedo y Tete Novoa. Este disco narra el fin de la civilizaci\u00f3n debido a el ego\u00edsmo y la ambici\u00f3n del ser humano, haciendo referencia a la Atl\u00e1ntida, ciudad que fue tragada por el mar.<\/p>\n<p>La primera actuaci\u00f3n en vivo con los temas del nuevo disco se realizo en M\u00e9xico en la ciudad de Monterrey, posteriormente estuvieron en el festival Vive Latino en la Ciudad de M\u00e9xico, y poco despu\u00e9s participar\u00edan en el festival <a title=\"Rock in Rio\" href=\"\/wiki\/Rock_in_Rio\">Rock in Rio<\/a> en Madrid. La gira del nuevo disco, \"Gaia III: Atlantia\", se llam\u00f3 \"aGAIAte que vienen curvas\" y se realiz\u00f3 por toda Espa\u00f1a y posteriormente por Sudam\u00e9rica, y que comenz\u00f3 el 28 de junio en el festival \"Rock de Cervantes\".<\/p>\n<p>El d\u00eda 10 de junio de 2010, <a title=\"Fernando Ponce\" href=\"\/wiki\/Fernando_Ponce\">Fernando Ponce<\/a> de Le\u00f3n dej\u00f3 un comunicado en la web oficial de M\u00e4go de Oz diciendo que se desped\u00eda del grupo.<sup><a href=\"#cite_note-3\">[4]<\/a><\/sup><\/p>\n<p>El d\u00eda 26 de junio de 2010, coincidiendo con la actuaci\u00f3n del grupo en la primera edici\u00f3n del \"Rock de Cervantes\", <a title=\"Fernando Ponce\" href=\"\/wiki\/Fernando_Ponce\">Fernando Ponce<\/a> se despidi\u00f3 del grupo y present\u00f3 a Josema, el nuevo flautista del grupo.<\/p>\n<p style=\"text-align: center\"><a href=\"http:\/\/blog.espol.edu.ec\/cfcalle\/files\/2011\/06\/OZ-2.jpg\"><img loading=\"lazy\" decoding=\"async\" class=\"size-full wp-image-49 aligncenter\" title=\"OZ 2\" src=\"http:\/\/blog.espol.edu.ec\/cfcalle\/files\/2011\/06\/OZ-2.jpg\" alt=\"\" width=\"300\" height=\"300\" srcset=\"https:\/\/blog.espol.edu.ec\/cfcalle\/files\/2011\/06\/OZ-2.jpg 300w, https:\/\/blog.espol.edu.ec\/cfcalle\/files\/2011\/06\/OZ-2-150x150.jpg 150w\" sizes=\"auto, (max-width: 300px) 100vw, 300px\" \/><\/a><\/p>\n<p>\u00a0<\/p>\n<p><strong>BLACK EYED PEAS<\/strong><\/p>\n<p><strong>2009 - 2010: Un nuevo estilo: <em><a title=\"The E.N.D.\" href=\"\/wiki\/The_E.N.D.\">The E.N.D.<\/a><\/em> y una gira internacional<\/strong><\/p>\n<p><em><a title=\"The E.N.D.\" href=\"\/wiki\/The_E.N.D.\">The E.N.D.<\/a> (The Energy Never Dies)<\/em> (la energ\u00eda nunca muere) es el quinto \u00e1lbum del grupo. Tras el breve receso de la banda en 2006 para hacer su carrera en solitario (pero sin dejar al grupo) tres a\u00f1os m\u00e1s tarde Black Eyed Peas volvi\u00f3 a hacer un \u00e1lbum, The E.N.D. Est\u00e1 producido por <a title=\"Will.i.am\" href=\"\/wiki\/Will.i.am\">Will.i.am<\/a> y fue grabado en los estudios <em>Metropolis<\/em> de <a title=\"Londres\" href=\"\/wiki\/Londres\">Londres<\/a>. Durante este a\u00f1o tambi\u00e9n han sido teloneros de los irlandeses de <a title=\"U2\" href=\"\/wiki\/U2\">U2<\/a> durante el <a title=\"U2 360\u00b0 Tour\" href=\"\/wiki\/U2_360%C2%B0_Tour\">U2 360\u00b0 Tour<\/a> en la manga por <a title=\"Estados Unidos\" href=\"\/wiki\/Estados_Unidos\">Estados Unidos<\/a>. Fue lanzado el 9 de junio de 2009.<\/p>\n<p>El \u00e1lbum contiene un estilo m\u00e1s electr\u00f3nico y dance que los discos anteriores, por lo que se aprecia como un \u00e1lbum de gran cambio para el grupo, ya que desde el hip-hop y el <a title=\"Pop\" href=\"\/wiki\/Pop\">pop<\/a> se mezclan hasta el <a title=\"Techno\" href=\"\/wiki\/Techno\">techno<\/a> y la <a title=\"Electr\u00f3nica\" href=\"\/wiki\/Electr%C3%B3nica\">electr\u00f3nica<\/a>. Es desde entonces que la banda incorpor\u00f3 ese estilo.<\/p>\n<p>\"<a title=\"Boom Boom Pow\" href=\"\/wiki\/Boom_Boom_Pow\">Boom Boom Pow<\/a>\", es el primer sencillo de The E.N.D, lanzado el 22 de febrero en <a title=\"Internet\" href=\"\/wiki\/Internet\">Internet<\/a> y 30 de marzo en <a title=\"ITunes\" href=\"\/wiki\/ITunes\">iTunes<\/a>. Se convirti\u00f3 en la primera canci\u00f3n del grupo en alcanzar el puesto n\u00famero 1, donde permaneci\u00f3 12 semanas en el <a title=\"Billboard Hot 100\" href=\"\/wiki\/Billboard_Hot_100\">Billboard Hot 100<\/a>. Adem\u00e1s alcanz\u00f3 el puesto 1 en <a title=\"Australia\" href=\"\/wiki\/Australia\">Australia<\/a>, en <a title=\"Canad\u00e1\" href=\"\/wiki\/Canad%C3%A1\">Canad\u00e1<\/a>, y en el <a title=\"Reino Unido\" href=\"\/wiki\/Reino_Unido\">Reino Unido<\/a>. El \u00e1lbum tiene un estilo m\u00e1s <a title=\"Electro-hop (a\u00fan no redactado)\" href=\"\/w\/index.php?title=Electro-hop&amp;action=edit&amp;redlink=1\">electro-hop<\/a> que sus anteriores discos. El \u00e1lbum entr\u00f3 en la posici\u00f3n n\u00famero uno en el Billboard 200 en su semana de publicaci\u00f3n vendiendo 304.000 copias.<\/p>\n<p>\"<a title=\"I Gotta Feeling\" href=\"\/wiki\/I_Gotta_Feeling\">I Gotta Feeling<\/a>\" es el segundo sencillo del \u00e1lbum y, el m\u00e1s exitoso del grupo. Est\u00e1 producido por <a title=\"David Guetta\" href=\"\/wiki\/David_Guetta\">David Guetta<\/a>. El tema fue el \u00fanico capaz de sustituir a \"Boom Boom Pow\" en la tabla de <a title=\"ITunes\" href=\"\/wiki\/ITunes\">iTunes<\/a>. Debut\u00f3 en el n\u00famero 2 en el Hot 100 detr\u00e1s de \"<a title=\"Boom Boom Pow\" href=\"\/wiki\/Boom_Boom_Pow\">Boom Boom Pow<\/a>\" y m\u00e1s tarde lo super\u00f3, tomando el n\u00famero 1. Sin embargo, la canci\u00f3n ha atra\u00eddo algunos comentarios por la mala pronunciaci\u00f3n de las palabras Mazel Tov y L'<a title=\"Chaim (a\u00fan no redactado)\" href=\"\/w\/index.php?title=Chaim&amp;action=edit&amp;redlink=1\">Chaim<\/a>.<sup><a href=\"#cite_note-11\">[12]<\/a><\/sup> The Black Eyed Peas se uni\u00f3 a un grupo selecto de artistas que han ocupado el primer y segundo puesto en el Hot 100 al mismo tiempo. Desde Boom Boom Pow que alcanz\u00f3 el n\u00famero 1 en abril. El grupo ha estado al frente de la tabla 28 semanas consecutivas, m\u00e1s que ning\u00fan otro artista de la d\u00e9cada.<\/p>\n<p style=\"text-align: center\">\u00a0<\/p>\n<p style=\"text-align: center\">\u00a0<\/p>\n<p style=\"text-align: center\">\u00a0<\/p>\n<p style=\"text-align: center\"><a href=\"http:\/\/blog.espol.edu.ec\/cfcalle\/files\/2011\/06\/BLACK-EYED-PEAS.jpg\"><img loading=\"lazy\" decoding=\"async\" class=\"size-full wp-image-54 aligncenter\" title=\"BLACK EYED PEAS\" src=\"http:\/\/blog.espol.edu.ec\/cfcalle\/files\/2011\/06\/BLACK-EYED-PEAS.jpg\" alt=\"\" width=\"300\" height=\"300\" srcset=\"https:\/\/blog.espol.edu.ec\/cfcalle\/files\/2011\/06\/BLACK-EYED-PEAS.jpg 300w, https:\/\/blog.espol.edu.ec\/cfcalle\/files\/2011\/06\/BLACK-EYED-PEAS-150x150.jpg 150w\" sizes=\"auto, (max-width: 300px) 100vw, 300px\" \/><\/a><\/p>\n<p><strong>2010-presente<\/strong>: <em><a title=\"The Beginning (\u00e1lbum de The Black Eyed Peas)\" href=\"\/wiki\/The_Beginning_(%C3%A1lbum_de_The_Black_Eyed_Peas)\">The Beginning<\/a><\/em><\/p>\n<p>Will.I.Am declar\u00f3 en una entrevista por tel\u00e9fono que a fines del 2010 iban a lanzar un nuevo \u00e1lbum titulado \"The Beginning <em>el cual est\u00e1 actualmente terminado.<\/em> El Lanzamiento del disco \"<a title=\"The Beginning (\u00e1lbum de The Black Eyed Peas)\" href=\"\/wiki\/The_Beginning_(%C3%A1lbum_de_The_Black_Eyed_Peas)\">The Beginning<\/a>\" fue el 30 de noviembre y logr\u00f3 entrar en la posisi\u00f3n n\u00famero #6 en los <a title=\"Billboard 200\" href=\"\/wiki\/Billboard_200\">Billboard 200<\/a>.<\/p>\n<p>El nombre del primer sencillo es The time (dirty bit), confirmado por Will.i.am en Twitter. Fue publicada en <a title=\"Dipdive\" href=\"\/wiki\/Dipdive\">Dipdive<\/a> el 21 de octubre de 2010<\/p>\n<p>y lanzado digitalmente el 9 de noviembre de 2010.,<sup> <\/sup>\u00a0la canci\u00f3n logr\u00f3 tener las mayores preferencias radiales a principios de <a title=\"2011\" href=\"\/wiki\/2011\">2011<\/a>, y en su primer d\u00eda de lanzamiento logr\u00f3 irse directamente al n\u00famero #1 en <a title=\"ITunes\" href=\"\/wiki\/ITunes\">iTunes<\/a>.<\/p>\n<p>El segundo sencillo del \u00e1lbum es <a title=\"Just Can't Get Enough (canci\u00f3n de The Black Eyed Peas)\" href=\"\/wiki\/Just_Can%27t_Get_Enough_(canci%C3%B3n_de_The_Black_Eyed_Peas)\">Just Can't Get Enough<\/a>, el cual fue elegido en una votaci\u00f3n en la p\u00e1gina oficial de la banda,<sup> <\/sup>\u00a0su publicaci\u00f3n fue el 18 de <a title=\"Febrero\" href=\"\/wiki\/Febrero\">febrero<\/a> de <a title=\"2011\" href=\"\/wiki\/2011\">2011<\/a>, gan\u00f3 con el 28.4% de las votaciones. Fue la principal canci\u00f3n en el espect\u00e1culo del grupo en los <a title=\"Billboard\" href=\"\/wiki\/Billboard\">Billboard<\/a> <a title=\"2011\" href=\"\/wiki\/2011\">2011<\/a>. El single obtuvo mejores puestos en listas musicales, que el sencillo anterior, as\u00ed como su puesto n\u00famero #3 en los <a title=\"Billboard Hot 100\" href=\"\/wiki\/Billboard_Hot_100\">Billboard Hot 100<\/a>, un <em>1<\/em> lugar en Francia, as\u00ed como <em>2<\/em> en los Billboard Pop 100. Por esos considerables puestos y categor\u00edas se ha detsacado hasta la actualidad como la canci\u00f3n m\u00e1s exitosa del \u00e1lbum. Adem\u00e1s, demostr\u00f3 ser una canci\u00f3n mucho m\u00e1s rom\u00e1ntica y lenta.<\/p>\n<p><a title=\"Don't Stop the Party\" href=\"\/wiki\/Don%27t_Stop_the_Party\">Don't Stop the Party<\/a> fue lanzada como single el 11 de <a title=\"Mayo\" href=\"\/wiki\/Mayo\">Mayo<\/a> de <a title=\"2011\" href=\"\/wiki\/2011\">2011<\/a>, siendo \u00e9sta la m\u00e1s bailable y electr\u00f3nica del \u00e1lbum, hablando principalmente de fiesta, de celebraci\u00f3n, y tiene un ritmo muy movido que inmediatamente te hace bailar. Antes de ser lanzada surgi\u00f3 un rumor de su lanzamiento, pues en <a title=\"America's Best Dance Crew\" href=\"\/wiki\/America%27s_Best_Dance_Crew\">America's Best Dance Crew<\/a> el grupo <a title=\"Phunk Phenomenom (a\u00fan no redactado)\" href=\"\/w\/index.php?title=Phunk_Phenomenom&amp;action=edit&amp;redlink=1\">Phunk Phenomenom<\/a> bailaron esta canci\u00f3n. Adem\u00e1s, es m\u00e1s larga en la historia de los Black Eyed Peas.<\/p>\n<p>El grupo se present\u00f3 en los <strong>Ama's 2010<\/strong> presentando la canci\u00f3n The Time y su \u00e1lbum <a title=\"The Beginning (\u00e1lbum de The Black Eyed Peas)\" href=\"\/wiki\/The_Beginning_(%C3%A1lbum_de_The_Black_Eyed_Peas)\">The Beginning<\/a>.<sup> <\/sup>\u00a0Adem\u00e1s en noviembre de 2010 fue anunciado que tocar\u00edan en el <a title=\"Show\" href=\"\/wiki\/Show\">show<\/a> de mediotiempo del Superbowl, show que se llev\u00f3 a cabo en febrero de <a title=\"2011\" href=\"\/wiki\/2011\">2011<\/a>.<\/p>\n<p>El nuevo disco sali\u00f3 a la venta digitalmente el 26 de noviembre y f\u00edsicamente el 30 de noviembre de <a title=\"2010\" href=\"\/wiki\/2010\">2010<\/a> Principalmente, <a title=\"The Beginning (\u00e1lbum de The Black Eyed Peas)\" href=\"\/wiki\/The_Beginning_(%C3%A1lbum_de_The_Black_Eyed_Peas)\">The Beginning<\/a> ser\u00e1 la continuaci\u00f3n de su disco anterior <a title=\"The E.N.D.\" href=\"\/wiki\/The_E.N.D.\">The E.N.D.<\/a>, siguiendo con sus ritmos Hip-hop y Pop, mezclados de electro y tecno. Significando la segunda FASE de estos nuevos comienzos y ritmos m\u00e1s dance, producido por Will.I.Am y tambi\u00e9n por <a title=\"David Guetta\" href=\"\/wiki\/David_Guetta\">David Guetta<\/a>, con ritmos de baile, fiesta y con la tecnolog\u00eda auto-tune.<\/p>\n<p>Los Black Eyed Peas est\u00e1n planeando realizar una nueva gira a ra\u00edz del mismo \u00e1lbum que comenzar\u00eda en <a title=\"Europa\" href=\"\/wiki\/Europa\">Europa<\/a> en <a title=\"Junio\" href=\"\/wiki\/Junio\">Junio<\/a> de <a title=\"2011\" href=\"\/wiki\/2011\">2011<\/a> denominada <a title=\"The Beginning Massive Stadium Tour\" href=\"\/wiki\/The_Beginning_Massive_Stadium_Tour\">The Beginning Massive Stadium Tour<\/a> donde abarcar\u00e1 los 5 continentes.<\/p>\n<p style=\"text-align: center\">\u00a0<a href=\"http:\/\/blog.espol.edu.ec\/cfcalle\/files\/2011\/06\/THE-END1.jpg\"><img loading=\"lazy\" decoding=\"async\" class=\"size-full wp-image-56 aligncenter\" title=\"THE END\" src=\"http:\/\/blog.espol.edu.ec\/cfcalle\/files\/2011\/06\/THE-END1.jpg\" alt=\"\" width=\"300\" height=\"300\" srcset=\"https:\/\/blog.espol.edu.ec\/cfcalle\/files\/2011\/06\/THE-END1.jpg 300w, https:\/\/blog.espol.edu.ec\/cfcalle\/files\/2011\/06\/THE-END1-150x150.jpg 150w\" sizes=\"auto, (max-width: 300px) 100vw, 300px\" \/><\/a><\/p>\n","protected":false},"excerpt":{"rendered":"<p>THE RASMUS The Rasmus es una banda de rock alternativo originaria de la ciudad de Helsinki. Actualmente son considerados como una de la bandas finlandesas m\u00e1s importantes. El grupo, como muchas bandas europeas, interpreta casi totalmente en ingl\u00e9s. Su fama comienza en varias naciones de Asia siguiendo por Latinoam\u00e9rica, Alemania, toda Europa y obviamente en [&hellip;]<\/p>\n","protected":false},"author":5788,"featured_media":0,"comment_status":"open","ping_status":"open","sticky":false,"template":"","format":"standard","meta":{"footnotes":""},"categories":[1],"tags":[],"class_list":["post-37","post","type-post","status-publish","format-standard","hentry","category-uncategorized"],"_links":{"self":[{"href":"https:\/\/blog.espol.edu.ec\/cfcalle\/wp-json\/wp\/v2\/posts\/37","targetHints":{"allow":["GET"]}}],"collection":[{"href":"https:\/\/blog.espol.edu.ec\/cfcalle\/wp-json\/wp\/v2\/posts"}],"about":[{"href":"https:\/\/blog.espol.edu.ec\/cfcalle\/wp-json\/wp\/v2\/types\/post"}],"author":[{"embeddable":true,"href":"https:\/\/blog.espol.edu.ec\/cfcalle\/wp-json\/wp\/v2\/users\/5788"}],"replies":[{"embeddable":true,"href":"https:\/\/blog.espol.edu.ec\/cfcalle\/wp-json\/wp\/v2\/comments?post=37"}],"version-history":[{"count":13,"href":"https:\/\/blog.espol.edu.ec\/cfcalle\/wp-json\/wp\/v2\/posts\/37\/revisions"}],"predecessor-version":[{"id":69,"href":"https:\/\/blog.espol.edu.ec\/cfcalle\/wp-json\/wp\/v2\/posts\/37\/revisions\/69"}],"wp:attachment":[{"href":"https:\/\/blog.espol.edu.ec\/cfcalle\/wp-json\/wp\/v2\/media?parent=37"}],"wp:term":[{"taxonomy":"category","embeddable":true,"href":"https:\/\/blog.espol.edu.ec\/cfcalle\/wp-json\/wp\/v2\/categories?post=37"},{"taxonomy":"post_tag","embeddable":true,"href":"https:\/\/blog.espol.edu.ec\/cfcalle\/wp-json\/wp\/v2\/tags?post=37"}],"curies":[{"name":"wp","href":"https:\/\/api.w.org\/{rel}","templated":true}]}}