{"id":27,"date":"2009-03-04T12:18:45","date_gmt":"2009-03-04T17:18:45","guid":{"rendered":"http:\/\/blog.espol.edu.ec\/cgcevall\/?p=27"},"modified":"2009-03-04T14:28:01","modified_gmt":"2009-03-04T19:28:01","slug":"base-de-acuerdo-al-color-de-tu-piel","status":"publish","type":"post","link":"https:\/\/blog.espol.edu.ec\/cgcevall\/2009\/03\/04\/base-de-acuerdo-al-color-de-tu-piel\/","title":{"rendered":"Base de acuerdo al color de tu piel"},"content":{"rendered":"<p><a href=\"http:\/\/blog.espol.edu.ec\/cgcevall\/files\/2009\/03\/mujer2.jpg\"><\/a><a href=\"http:\/\/blog.espol.edu.ec\/cgcevall\/files\/2009\/03\/mujer2.jpg\"><\/a><\/p>\n<p style=\"text-align: center\"><img loading=\"lazy\" decoding=\"async\" class=\"alignnone size-medium wp-image-28\" src=\"http:\/\/blog.espol.edu.ec\/cgcevall\/files\/2009\/03\/mujer2.jpg\" alt=\"\" width=\"95\" height=\"124\" \/><\/p>\n<div><span style=\"font-size: 11pt;font-family: 'Times New Roman','serif'\"><span style=\"color: #000000\"><span style=\"color: #b2a1c7\"><span style=\"font-size: small\">La funci\u00f3n de la base es emparejar el tono de la piel, corregir imperfecciones, rejuvenecer y suavizar las facciones.<\/span><\/span><\/span><\/span><\/div>\n<p><span style=\"font-size: 11pt;font-family: 'Times New Roman','serif'\"><span style=\"color: #000000\"><span style=\"color: #b2a1c7\"><span style=\"font-size: small\">Para obtener el color ideal, hay que elegir un tono m\u00e1s claro que el de nuestra piel. Eso evitara que al aplicarla no se forme el indeseado efecto mascarilla, que se produce cuando hay una gran diferencia entre el color de nuestro rostro y de nuestro cuello.<\/span><\/span><\/p>\n<p><span style=\"color: #b2a1c7\"><span style=\"font-size: small\">Si es posible, hay que seleccionar el tono de la base de maquillaje<br \/>\ncon luz natural de d\u00eda, para que podamos ver y lucir naturales.<br \/>\nNuestra piel cambia de color durante el a\u00f1o, as\u00ed que es mejor comprar un tono m\u00e1s oscuro para los meses de verano, ya que es cuando una esta mas bronceada y no te preocupes si te sobra, siempre lo puedes aclarar si lo mezclas con tu crema hidratante.<br \/>\nEs importante tambi\u00e9n no usarlo como una crema autobronceante.<\/span><\/span><\/p>\n<p><span style=\"color: #b2a1c7\"><span style=\"font-size: small\">Recuerda que puedes optar por una base de maquillaje l\u00edquida para pieles mixtas &amp; grasas para dar al maquillaje un efecto mate- acabado y evitar la oleosidad.<\/span><\/span><\/p>\n<p><font color=\"#000000\">\u00a0<\/p>\n<p><\/font><\/span><\/p>\n<div><span style=\"font-family: 'Times New Roman','serif'\">\u00a0<\/span><\/div>\n<p><\/span><\/p>\n<p><span style=\"font-size: 11pt;font-family: 'Times New Roman','serif'\"><span style=\"color: #000000\"><strong>Tips de Belleza (2008),\u201dTips de maquillaje\u201d, Obtenido el 3 de Marzo de 2009, desde <\/strong><\/span><\/span><span style=\"font-size: 12pt;font-family: 'Times New Roman','serif'\"><a href=\"http:\/\/tipsdebelleza.net\/maquillaje\/prueba-peinados-y-maquillaje-para-conocer-tu-estilo%e2%80%a6.html\"><strong>http:\/\/tipsdebelleza.net\/maquillaje\/prueba-peinados-y-maquillaje-para-conocer-tu-estilo%e2%80%a6.html<\/strong><\/a><strong>, Bogot\u00e1-Colombia<span><a href=\"http:\/\/blog.espol.edu.ec\/cgcevall\/files\/2009\/03\/mujer2.jpg\"><\/a><\/span><\/strong><\/span><\/p>\n<p>\u00a0<\/p>\n<p><span style=\"font-size: 12pt;font-family: 'Times New Roman','serif'\">\u00a0<\/span><\/p>\n<p>\u00a0<\/p>\n<div><span style=\"font-size: 12pt;font-family: 'Times New Roman','serif'\">\u00a0<\/span><\/div>\n<p><span style=\"font-size: 12pt;font-family: 'Times New Roman','serif'\">\u00a0<\/p>\n<p><\/span><\/p>\n","protected":false},"excerpt":{"rendered":"<p>La funci\u00f3n de la base es emparejar el tono de la piel, corregir imperfecciones, rejuvenecer y suavizar las facciones. Para obtener el color ideal, hay que elegir un tono m\u00e1s claro que el de nuestra piel. Eso evitara que al aplicarla no se forme el indeseado efecto mascarilla, que se produce cuando hay una gran [&hellip;]<\/p>\n","protected":false},"author":1316,"featured_media":0,"comment_status":"open","ping_status":"open","sticky":false,"template":"","format":"standard","meta":{"footnotes":""},"categories":[1],"tags":[],"class_list":["post-27","post","type-post","status-publish","format-standard","hentry","category-uncategorized"],"_links":{"self":[{"href":"https:\/\/blog.espol.edu.ec\/cgcevall\/wp-json\/wp\/v2\/posts\/27","targetHints":{"allow":["GET"]}}],"collection":[{"href":"https:\/\/blog.espol.edu.ec\/cgcevall\/wp-json\/wp\/v2\/posts"}],"about":[{"href":"https:\/\/blog.espol.edu.ec\/cgcevall\/wp-json\/wp\/v2\/types\/post"}],"author":[{"embeddable":true,"href":"https:\/\/blog.espol.edu.ec\/cgcevall\/wp-json\/wp\/v2\/users\/1316"}],"replies":[{"embeddable":true,"href":"https:\/\/blog.espol.edu.ec\/cgcevall\/wp-json\/wp\/v2\/comments?post=27"}],"version-history":[{"count":5,"href":"https:\/\/blog.espol.edu.ec\/cgcevall\/wp-json\/wp\/v2\/posts\/27\/revisions"}],"predecessor-version":[{"id":93,"href":"https:\/\/blog.espol.edu.ec\/cgcevall\/wp-json\/wp\/v2\/posts\/27\/revisions\/93"}],"wp:attachment":[{"href":"https:\/\/blog.espol.edu.ec\/cgcevall\/wp-json\/wp\/v2\/media?parent=27"}],"wp:term":[{"taxonomy":"category","embeddable":true,"href":"https:\/\/blog.espol.edu.ec\/cgcevall\/wp-json\/wp\/v2\/categories?post=27"},{"taxonomy":"post_tag","embeddable":true,"href":"https:\/\/blog.espol.edu.ec\/cgcevall\/wp-json\/wp\/v2\/tags?post=27"}],"curies":[{"name":"wp","href":"https:\/\/api.w.org\/{rel}","templated":true}]}}