{"id":33,"date":"2009-03-04T12:32:57","date_gmt":"2009-03-04T17:32:57","guid":{"rendered":"http:\/\/blog.espol.edu.ec\/cgcevall\/?p=33"},"modified":"2009-03-04T12:35:12","modified_gmt":"2009-03-04T17:35:12","slug":"moda-2","status":"publish","type":"post","link":"https:\/\/blog.espol.edu.ec\/cgcevall\/2009\/03\/04\/moda-2\/","title":{"rendered":"Moda{:-)"},"content":{"rendered":"<p style=\"text-align: center\"><a title=\"Celebra con el blanco\" href=\"http:\/\/www.parajovencitas.com\/celebra-con-el-blanco\/\">Celebra con el blanco<\/a><\/p>\n<p style=\"text-align: center\"><a href=\"http:\/\/blog.espol.edu.ec\/cgcevall\/files\/2009\/03\/blanco.jpg\"><img loading=\"lazy\" decoding=\"async\" class=\"size-medium wp-image-34   aligncenter\" src=\"http:\/\/blog.espol.edu.ec\/cgcevall\/files\/2009\/03\/blanco.jpg\" alt=\"\" width=\"157\" height=\"268\" \/><\/a><\/p>\n<p>Pureza y elegancia\u2026 El blanco nunca abandonar\u00e1 las pasarelas por ser un color ultra combinable. Comienza tu tendencia white adquiriendo prendas b\u00e1sicas: Blusas, polos, tops, faldas, jeans y comb\u00ednalas \u00a1con todo!<\/p>\n<p>\u2022 Para estar chic fusiona tu look con accesorios. Atr\u00e9vete, a lucir toda de blanco y rompe la monoton\u00eda con un cintur\u00f3n delgado y zapatos dorados.<br \/>\n\u2022 Si de causar sensaci\u00f3n en estas fiestas se trata, enf\u00fandate en un vestido strapless y, si puedes, dale un tono bronceado a tu piel. Camale\u00f3nicamente cool.<\/p>\n<p>\u2022 Tu maquillaje debe estar en la tendencia naturelle. Luce tus labios en tonos nacarados. Dale profundidad a tu mirada deline\u00e1ndolos con un lapiz delineador para ojos en tono Negro y sensualiza tus pesta\u00f1as con la mascara para pesta\u00f1as. Usa dos y hasta tres capas. Termina tu maquillaje con el Rubor Compacto. Lista para encantar.<\/p>\n<p>Tips para jovencitas(2009), \"Consejos para que te veas mas bella\", Encontrado en:http:\/\/www.parajovencitas.com\/entre-el-gris-y-negro\/, Fecha de Actualizaci\u00f3n 2009, \u00daltima Visita: 4 de marzo de 2009<\/p>\n","protected":false},"excerpt":{"rendered":"<p>Celebra con el blanco Pureza y elegancia\u2026 El blanco nunca abandonar\u00e1 las pasarelas por ser un color ultra combinable. Comienza tu tendencia white adquiriendo prendas b\u00e1sicas: Blusas, polos, tops, faldas, jeans y comb\u00ednalas \u00a1con todo! \u2022 Para estar chic fusiona tu look con accesorios. Atr\u00e9vete, a lucir toda de blanco y rompe la monoton\u00eda con [&hellip;]<\/p>\n","protected":false},"author":1316,"featured_media":0,"comment_status":"open","ping_status":"open","sticky":false,"template":"","format":"standard","meta":{"footnotes":""},"categories":[1],"tags":[],"class_list":["post-33","post","type-post","status-publish","format-standard","hentry","category-uncategorized"],"_links":{"self":[{"href":"https:\/\/blog.espol.edu.ec\/cgcevall\/wp-json\/wp\/v2\/posts\/33","targetHints":{"allow":["GET"]}}],"collection":[{"href":"https:\/\/blog.espol.edu.ec\/cgcevall\/wp-json\/wp\/v2\/posts"}],"about":[{"href":"https:\/\/blog.espol.edu.ec\/cgcevall\/wp-json\/wp\/v2\/types\/post"}],"author":[{"embeddable":true,"href":"https:\/\/blog.espol.edu.ec\/cgcevall\/wp-json\/wp\/v2\/users\/1316"}],"replies":[{"embeddable":true,"href":"https:\/\/blog.espol.edu.ec\/cgcevall\/wp-json\/wp\/v2\/comments?post=33"}],"version-history":[{"count":4,"href":"https:\/\/blog.espol.edu.ec\/cgcevall\/wp-json\/wp\/v2\/posts\/33\/revisions"}],"predecessor-version":[{"id":38,"href":"https:\/\/blog.espol.edu.ec\/cgcevall\/wp-json\/wp\/v2\/posts\/33\/revisions\/38"}],"wp:attachment":[{"href":"https:\/\/blog.espol.edu.ec\/cgcevall\/wp-json\/wp\/v2\/media?parent=33"}],"wp:term":[{"taxonomy":"category","embeddable":true,"href":"https:\/\/blog.espol.edu.ec\/cgcevall\/wp-json\/wp\/v2\/categories?post=33"},{"taxonomy":"post_tag","embeddable":true,"href":"https:\/\/blog.espol.edu.ec\/cgcevall\/wp-json\/wp\/v2\/tags?post=33"}],"curies":[{"name":"wp","href":"https:\/\/api.w.org\/{rel}","templated":true}]}}