{"id":1,"date":"2015-11-12T21:32:34","date_gmt":"2015-11-12T21:32:34","guid":{"rendered":"http:\/\/blog.espol.edu.ec\/challope\/?p=1"},"modified":"2015-11-24T02:51:18","modified_gmt":"2015-11-24T02:51:18","slug":"hola-mundo","status":"publish","type":"post","link":"https:\/\/blog.espol.edu.ec\/challope\/2015\/11\/12\/hola-mundo\/","title":{"rendered":"COMPA\u00d1\u00cdAS DEL ECUADOR"},"content":{"rendered":"<h2><\/h2>\n<h2>Definici\u00f3n<\/h2>\n<h3><\/h3>\n<p>Es una unidad econ\u00f3mico-social, integrada por elementos humanos, materiales y t\u00e9cnicos, que tiene el objetivo de obtener utilidades a trav\u00e9s de su participaci\u00f3n en el mercado de bienes y servicios. Para esto, hace uso de los factores productivos (trabajo, tierra y capital).<\/p>\n<div id=\"attachment_44\" style=\"width: 310px\" class=\"wp-caption aligncenter\"><a href=\"http:\/\/blog.espol.edu.ec\/challope\/2015\/11\/12\/hola-mundo\/imagen-39\/\" rel=\"attachment wp-att-44\"><img loading=\"lazy\" decoding=\"async\" aria-describedby=\"caption-attachment-44\" class=\"size-medium wp-image-44\" src=\"http:\/\/blog.espol.edu.ec\/challope\/files\/2015\/11\/Imagen-39-300x295.png\" alt=\"Empresas\" width=\"300\" height=\"295\" srcset=\"https:\/\/blog.espol.edu.ec\/challope\/files\/2015\/11\/Imagen-39-300x295.png 300w, https:\/\/blog.espol.edu.ec\/challope\/files\/2015\/11\/Imagen-39-50x50.png 50w, https:\/\/blog.espol.edu.ec\/challope\/files\/2015\/11\/Imagen-39.png 339w\" sizes=\"auto, (max-width: 300px) 100vw, 300px\" \/><\/a><p id=\"caption-attachment-44\" class=\"wp-caption-text\">Compa\u00f1\u00edas del Ecuador<\/p><\/div>\n<p><strong>Tipos de Compa\u00f1\u00eda<\/strong><\/p>\n<ol>\n<li><strong><span style=\"color: #000000\">La\u00a0<\/span>Compa\u00f1\u00eda<\/strong><span style=\"color: #000000\"><span style=\"color: #000000\"><span style=\"color: #000000\"><strong>\u00a0en nombre colectivo:<\/strong><\/span><\/span><\/span>Se contrae entre dos o m\u00e1s personas que hacen el comercio bajo una raz\u00f3n social. La raz\u00f3n social es la f\u00f3rmula enunciativa de los nombres de todos los socios, o de algunos de ellos, con la agregaci\u00f3n de las palabras \" y compa\u00f1\u00eda\".El capital de la compa\u00f1\u00eda en nombre colectivo se compone de los aportes que cada uno de los socios entrega o promete entregar.Para la constituci\u00f3n de la compa\u00f1\u00eda ser\u00e1 necesario el pago de no menos del cincuenta por ciento del capital suscrito.Las aportaciones pueden ser dinero o bienes muebles o inmuebles.\n<p><div id=\"attachment_45\" style=\"width: 310px\" class=\"wp-caption alignright\"><a href=\"http:\/\/blog.espol.edu.ec\/challope\/2015\/11\/12\/hola-mundo\/imagen114525g\/\" rel=\"attachment wp-att-45\"><img loading=\"lazy\" decoding=\"async\" aria-describedby=\"caption-attachment-45\" class=\"size-medium wp-image-45\" src=\"http:\/\/blog.espol.edu.ec\/challope\/files\/2015\/11\/imagen114525g-300x135.jpg\" alt=\"Comandita Simple\" width=\"300\" height=\"135\" srcset=\"https:\/\/blog.espol.edu.ec\/challope\/files\/2015\/11\/imagen114525g-300x135.jpg 300w, https:\/\/blog.espol.edu.ec\/challope\/files\/2015\/11\/imagen114525g.jpg 900w\" sizes=\"auto, (max-width: 300px) 100vw, 300px\" \/><\/a><p id=\"caption-attachment-45\" class=\"wp-caption-text\">Ejemplos de Compa\u00f1\u00edas de Comandita Simple<\/p><\/div><\/li>\n<li><b><\/b><b>La\u00a0Compa\u00f1\u00eda\u00a0de Comandita Simple:<\/b>La compa\u00f1\u00eda en comandita simple existe bajo una raz\u00f3n social y se contrae entre uno o varios socios solidarios e ilimitadamente responsables y otro u otros, simples suministradores de fondos, llamados socios comanditarios, cuya responsabilidad se limita al monto de sus aportes.La raz\u00f3n social ser\u00e1, necesariamente, el nombre de uno o varios de los socios solidariamente responsables, al que se agregar\u00e1 siempre las palabras \u201ccompa\u00f1\u00eda en comandita\", escritas con todas sus letras o la abreviatura que com\u00fanmente suele usarse.<\/li>\n<li><strong>La Compa\u00f1\u00eda de responsabilidad limitada:\u00a0<\/strong>La compa\u00f1\u00eda de responsabilidad limitada es la que se contrae entre tres o m\u00e1s personas, que solamente responden por las obligaciones sociales hasta el monto de sus aportaciones individuales y hacen el comercio bajo una raz\u00f3n social o denominaci\u00f3n objetiva, a la que se a\u00f1adir\u00e1n, en todo caso, las palabras \u201cCompa\u00f1\u00eda Limitada\" o su correspondiente abreviatura. Si se utilizare una denominaci\u00f3n objetiva ser\u00e1 una que no pueda confundirse con la de una compa\u00f1\u00eda preexistente. Los t\u00e9rminos comunes y los que sirven para determinar una clase de empresa, como \"comercial\", \"industrial\", \"agr\u00edcola\", \"constructora\", etc., no ser\u00e1n de uso exclusivo e ir\u00e1n acompa\u00f1ados de una expresi\u00f3n peculiar.El capital de la compa\u00f1\u00eda estar\u00e1 formado por las aportaciones de los socios y no ser\u00e1 inferior al monto fijado por el Superintendente de Compa\u00f1\u00edas. Estar\u00e1 dividido en participaciones expresadas en la forma que se\u00f1ale el Superintendente de Compa\u00f1\u00edas. El capital aportado no ser\u00e1 menos de 400 d\u00f3lares.Al constituirse la compa\u00f1\u00eda, el capital estar\u00e1 \u00edntegramente suscrito, y pagado por lo menos en el cincuenta por ciento de cada participaci\u00f3n. Las aportaciones pueden ser en numerario o en especie y, en este \u00faltimo caso, consistir en bienes muebles o inmuebles que correspondan a la actividad de la compa\u00f1\u00eda. El saldo del capital deber\u00e1 integrarse en un plazo no mayor de doce meses, a contarse desde la fecha de constituci\u00f3n de la compa\u00f1\u00eda.Las juntas generales son ordinarias y extraordinarias y se reunir\u00e1n en el domicilio principal de la compa\u00f1\u00eda, previa convocatoria del administrador o del gerente.<\/li>\n<li><strong>La Compa\u00f1\u00eda An\u00f3nima:\u00a0<\/strong>La compa\u00f1\u00eda an\u00f3nima es una sociedad cuyo capital, dividido en acciones negociables, est\u00e1 formado por la aportaci\u00f3n de los accionistas que responden \u00fanicamente por el monto de sus acciones.Se administra por mandatarios amovibles, socios o no.La denominaci\u00f3n de esta compa\u00f1\u00eda deber\u00e1 contener la indicaci\u00f3n de \u201ccompa\u00f1\u00eda an\u00f3nima\", o \"sociedad an\u00f3nima\", o las correspondientes siglas. No podr\u00e1 adoptar una denominaci\u00f3n que pueda confundirse con la de una compa\u00f1\u00eda preexistente. Los t\u00e9rminos comunes y aquellos con los cuales se determina la clase de empresa, como \"comercial\", \"industrial\", \"agr\u00edcola\", \"constructora\", etc., no ser\u00e1n de uso exclusivo e ir\u00e1n acompa\u00f1adas de una expresi\u00f3n peculiar.Podr\u00e1n ser entre dos o m\u00e1s personas con un capital de 800 d\u00f3lares o m\u00e1s.Estas compa\u00f1\u00edas podr\u00e1n tener como socios a empresas p\u00fablicas.La junta general formada por los accionistas legalmente convocados y reunidos, es el \u00f3rgano supremo de la compa\u00f1\u00eda.La junta general tiene poderes para resolver todos los asuntos relativos a los negocios sociales y para tomar las decisiones que juzgue convenientes en defensa de la compa\u00f1\u00eda.\n<p><div id=\"attachment_50\" style=\"width: 310px\" class=\"wp-caption alignright\"><a href=\"http:\/\/blog.espol.edu.ec\/challope\/2015\/11\/12\/hola-mundo\/cateca2\/\" rel=\"attachment wp-att-50\"><img loading=\"lazy\" decoding=\"async\" aria-describedby=\"caption-attachment-50\" class=\"size-medium wp-image-50\" src=\"http:\/\/blog.espol.edu.ec\/challope\/files\/2015\/11\/cateca2-300x144.jpg\" alt=\"cateca\" width=\"300\" height=\"144\" srcset=\"https:\/\/blog.espol.edu.ec\/challope\/files\/2015\/11\/cateca2-300x144.jpg 300w, https:\/\/blog.espol.edu.ec\/challope\/files\/2015\/11\/cateca2.jpg 472w\" sizes=\"auto, (max-width: 300px) 100vw, 300px\" \/><\/a><p id=\"caption-attachment-50\" class=\"wp-caption-text\">Ejemplo de Compa\u00f1\u00eda An\u00f3nima<\/p><\/div><\/li>\n<li><strong>La Compa\u00f1\u00eda de Econom\u00eda Mixta:\u00a0<\/strong>El Estado, las municipalidades, los consejos provinciales y las entidades u organismos del sector p\u00fablico, podr\u00e1n participar, conjuntamente con el capital privado, en el capital y en la gesti\u00f3n social de esta compa\u00f1\u00eda.La facultad a la que se refiere el art\u00edculo anterior corresponde a las empresas dedicadas al desarrollo y fomento de la agricultura y de las industrias convenientes a la econom\u00eda nacional y a la satisfacci\u00f3n de necesidades de orden colectivo; a la prestaci\u00f3n de nuevos servicios p\u00fablicos o al mejoramiento de los ya establecidos.Las entidades podr\u00e1n participar en el capital de esta compa\u00f1\u00eda suscribiendo su aporte en dinero o entregando equipos, instrumentos agr\u00edcolas o industriales, bienes muebles e inmuebles, efectos p\u00fablicos y negociables, as\u00ed como tambi\u00e9n mediante la concesi\u00f3n de prestaci\u00f3n de un servicio p\u00fablico por un per\u00edodo de tiempo determinado.<\/li>\n<li><strong>La Compa\u00f1\u00eda de Comandita Simple dividida por acciones:\u00a0<\/strong>El capital de esta compa\u00f1\u00eda se dividir\u00e1 en acciones nominativas de un valor nominal igual. La d\u00e9cima parte del capital social, por lo menos, debe ser aportada por los socios solidariamente responsables (comanditados), a quienes por sus acciones se entregar\u00e1n certificados nominativos intransferibles.La exclusi\u00f3n o separaci\u00f3n del socio comanditado no es causa de disoluci\u00f3n, salvo que ello se hubiere pactado de modo expreso.La compa\u00f1\u00eda en comandita por acciones existir\u00e1 bajo una raz\u00f3n social que se formar\u00e1 con los nombres de uno o m\u00e1s socios solidariamente responsables, seguidos de las palabras \"compa\u00f1\u00eda en comandita\" o su abreviatura.La administraci\u00f3n de la compa\u00f1\u00eda corresponde a los socios comanditados, quienes no podr\u00e1n ser removidos de la administraci\u00f3n social que les compete sino por las causas establecidas en el art\u00edculo siguiente.\u00a0 En el contrato social se podr\u00e1 limitar la administraci\u00f3n a uno o m\u00e1s de \u00e9stos.<\/li>\n<\/ol>\n<p><a href=\"https:\/\/www.youtube.com\/watch?v=RXrXUDa_jhs\" target=\"_blank\">Mayor Informaci\u00f3n<\/a><\/p>\n<p>&nbsp;<\/p>\n<p>&nbsp;<\/p>\n<p>&nbsp;<\/p>\n","protected":false},"excerpt":{"rendered":"<p>La administraci\u00f3n, operaciones y conformaci\u00f3n que realiza la empresa depender\u00e1 del tipo de compa\u00f1\u00eda de la misma.  <\/p>\n","protected":false},"author":10079,"featured_media":10,"comment_status":"open","ping_status":"open","sticky":false,"template":"","format":"standard","meta":{"footnotes":""},"categories":[1230864],"tags":[852],"class_list":["post-1","post","type-post","status-publish","format-standard","has-post-thumbnail","hentry","category-contabilidad-i","tag-educacion"],"_links":{"self":[{"href":"https:\/\/blog.espol.edu.ec\/challope\/wp-json\/wp\/v2\/posts\/1","targetHints":{"allow":["GET"]}}],"collection":[{"href":"https:\/\/blog.espol.edu.ec\/challope\/wp-json\/wp\/v2\/posts"}],"about":[{"href":"https:\/\/blog.espol.edu.ec\/challope\/wp-json\/wp\/v2\/types\/post"}],"author":[{"embeddable":true,"href":"https:\/\/blog.espol.edu.ec\/challope\/wp-json\/wp\/v2\/users\/10079"}],"replies":[{"embeddable":true,"href":"https:\/\/blog.espol.edu.ec\/challope\/wp-json\/wp\/v2\/comments?post=1"}],"version-history":[{"count":11,"href":"https:\/\/blog.espol.edu.ec\/challope\/wp-json\/wp\/v2\/posts\/1\/revisions"}],"predecessor-version":[{"id":55,"href":"https:\/\/blog.espol.edu.ec\/challope\/wp-json\/wp\/v2\/posts\/1\/revisions\/55"}],"wp:featuredmedia":[{"embeddable":true,"href":"https:\/\/blog.espol.edu.ec\/challope\/wp-json\/wp\/v2\/media\/10"}],"wp:attachment":[{"href":"https:\/\/blog.espol.edu.ec\/challope\/wp-json\/wp\/v2\/media?parent=1"}],"wp:term":[{"taxonomy":"category","embeddable":true,"href":"https:\/\/blog.espol.edu.ec\/challope\/wp-json\/wp\/v2\/categories?post=1"},{"taxonomy":"post_tag","embeddable":true,"href":"https:\/\/blog.espol.edu.ec\/challope\/wp-json\/wp\/v2\/tags?post=1"}],"curies":[{"name":"wp","href":"https:\/\/api.w.org\/{rel}","templated":true}]}}