{"id":40,"date":"2010-12-10T20:19:54","date_gmt":"2010-12-10T20:19:54","guid":{"rendered":"http:\/\/blog.espol.edu.ec\/christianfalconi\/?p=40"},"modified":"2010-12-10T20:19:54","modified_gmt":"2010-12-10T20:19:54","slug":"barcelona-retorna-a-guayaquil","status":"publish","type":"post","link":"https:\/\/blog.espol.edu.ec\/christianfalconi\/2010\/12\/10\/barcelona-retorna-a-guayaquil\/","title":{"rendered":"Barcelona retorna a Guayaquil"},"content":{"rendered":"<p>Barcelona regresa de forma definitiva a su ciudad de origen. A pesar de no lograr sus mayores objetivos deportivos, varios integrantes toreros evidenciaron satisfacci\u00f3n ayer antes de desplazarse a Guayaquil por lo vivido durante los 10 meses y 21 d\u00edas de estancia en la capital.<\/p>\n<p>El regreso a Guayaquil marca el fin de una temporada, que se cerrar\u00e1 en casa este s\u00e1bado (17:00), cuando intenten remontar el 2-0 que le infligi\u00f3 Deportivo Quito en la fecha pasada por la definici\u00f3n del cupo de repesca de la Libertadores.<\/p>\n<p>Cuando arribaron a Quito, el pasado 17 de enero, la convicci\u00f3n del club, liderado por su presidente Eduardo Maruri, era no dar ventaja a los rivales que pertenecen a ciudades de altura y enfrentarlos en igualdad de condiciones al entrenar en Quito (ubicada a 2.850 metros sobre el nivel del mar).<\/p>\n","protected":false},"excerpt":{"rendered":"<p>Barcelona regresa de forma definitiva a su ciudad de origen. A pesar de no lograr sus mayores objetivos deportivos, varios integrantes toreros evidenciaron satisfacci\u00f3n ayer antes de desplazarse a Guayaquil por lo vivido durante los 10 meses y 21 d\u00edas de estancia en la capital. El regreso a Guayaquil marca el fin de una temporada, [&hellip;]<\/p>\n","protected":false},"author":5429,"featured_media":0,"comment_status":"open","ping_status":"open","sticky":false,"template":"","format":"standard","meta":{"footnotes":""},"categories":[1],"tags":[],"class_list":["post-40","post","type-post","status-publish","format-standard","hentry","category-uncategorized"],"_links":{"self":[{"href":"https:\/\/blog.espol.edu.ec\/christianfalconi\/wp-json\/wp\/v2\/posts\/40","targetHints":{"allow":["GET"]}}],"collection":[{"href":"https:\/\/blog.espol.edu.ec\/christianfalconi\/wp-json\/wp\/v2\/posts"}],"about":[{"href":"https:\/\/blog.espol.edu.ec\/christianfalconi\/wp-json\/wp\/v2\/types\/post"}],"author":[{"embeddable":true,"href":"https:\/\/blog.espol.edu.ec\/christianfalconi\/wp-json\/wp\/v2\/users\/5429"}],"replies":[{"embeddable":true,"href":"https:\/\/blog.espol.edu.ec\/christianfalconi\/wp-json\/wp\/v2\/comments?post=40"}],"version-history":[{"count":1,"href":"https:\/\/blog.espol.edu.ec\/christianfalconi\/wp-json\/wp\/v2\/posts\/40\/revisions"}],"predecessor-version":[{"id":41,"href":"https:\/\/blog.espol.edu.ec\/christianfalconi\/wp-json\/wp\/v2\/posts\/40\/revisions\/41"}],"wp:attachment":[{"href":"https:\/\/blog.espol.edu.ec\/christianfalconi\/wp-json\/wp\/v2\/media?parent=40"}],"wp:term":[{"taxonomy":"category","embeddable":true,"href":"https:\/\/blog.espol.edu.ec\/christianfalconi\/wp-json\/wp\/v2\/categories?post=40"},{"taxonomy":"post_tag","embeddable":true,"href":"https:\/\/blog.espol.edu.ec\/christianfalconi\/wp-json\/wp\/v2\/tags?post=40"}],"curies":[{"name":"wp","href":"https:\/\/api.w.org\/{rel}","templated":true}]}}