{"id":68,"date":"2011-01-27T04:47:18","date_gmt":"2011-01-27T04:47:18","guid":{"rendered":"http:\/\/blog.espol.edu.ec\/christianfalconi\/?p=68"},"modified":"2011-01-27T04:47:18","modified_gmt":"2011-01-27T04:47:18","slug":"marvel-decidio-matar-a-la-antorcha-humana","status":"publish","type":"post","link":"https:\/\/blog.espol.edu.ec\/christianfalconi\/2011\/01\/27\/marvel-decidio-matar-a-la-antorcha-humana\/","title":{"rendered":"Marvel decidio matar a la antorcha humana"},"content":{"rendered":"<p><a href=\"http:\/\/blog.espol.edu.ec\/christianfalconi\/files\/2011\/01\/47_Fantastic_Four_5871.jpg\"><img loading=\"lazy\" decoding=\"async\" class=\"alignleft size-medium wp-image-70\" title=\"47_Fantastic_Four_587\" src=\"http:\/\/blog.espol.edu.ec\/christianfalconi\/files\/2011\/01\/47_Fantastic_Four_5871-197x300.jpg\" alt=\"\" width=\"118\" height=\"180\" srcset=\"https:\/\/blog.espol.edu.ec\/christianfalconi\/files\/2011\/01\/47_Fantastic_Four_5871-197x300.jpg 197w, https:\/\/blog.espol.edu.ec\/christianfalconi\/files\/2011\/01\/47_Fantastic_Four_5871-674x1024.jpg 674w, https:\/\/blog.espol.edu.ec\/christianfalconi\/files\/2011\/01\/47_Fantastic_Four_5871.jpg 900w\" sizes=\"auto, (max-width: 118px) 100vw, 118px\" \/><\/a>La editorial Marvel anunci\u00f3 que La Antorcha Humanaes el integrante de \u201cLos 4 Fant\u00e1sticos\u201d que pasar\u00e1 a mejor vida en la nueva entrega del c\u00f3mic, que sali\u00f3 a la venta este mi\u00e9rcoles en Estados Unidos.<br \/>\nDe esta manera, a partir del n\u00famero 587 del c\u00f3mic, la tira creada en 1961 por Sant Lee contar\u00e1 con La Mujer Invisible, El Se\u00f1or Fant\u00e1stico y La Cosa.<br \/>\n\u201cMuere La Antorcha Humana es el primer gran movimiento hacia la excitante evoluci\u00f3n de los legendarios 4 Fant\u00e1sticos y una parte necesaria para la historia que iremos contando con estos queridos personajes como protagonistas\u201d, indic\u00f3 en un comunicado uno de los vicepresidentes de la compa\u00f1\u00eda, Tom Brevoort.<br \/>\nEl superh\u00e9roe acabar\u00e1 con sus huesos en el cementerio en la historia que lleva el t\u00edtulo de \u201cThree\u201d (Tres).<\/p>\n","protected":false},"excerpt":{"rendered":"<p>La editorial Marvel anunci\u00f3 que La Antorcha Humanaes el integrante de \u201cLos 4 Fant\u00e1sticos\u201d que pasar\u00e1 a mejor vida en la nueva entrega del c\u00f3mic, que sali\u00f3 a la venta este mi\u00e9rcoles en Estados Unidos. De esta manera, a partir del n\u00famero 587 del c\u00f3mic, la tira creada en 1961 por Sant Lee contar\u00e1 con [&hellip;]<\/p>\n","protected":false},"author":5429,"featured_media":0,"comment_status":"open","ping_status":"open","sticky":false,"template":"","format":"standard","meta":{"footnotes":""},"categories":[1],"tags":[],"class_list":["post-68","post","type-post","status-publish","format-standard","hentry","category-uncategorized"],"_links":{"self":[{"href":"https:\/\/blog.espol.edu.ec\/christianfalconi\/wp-json\/wp\/v2\/posts\/68","targetHints":{"allow":["GET"]}}],"collection":[{"href":"https:\/\/blog.espol.edu.ec\/christianfalconi\/wp-json\/wp\/v2\/posts"}],"about":[{"href":"https:\/\/blog.espol.edu.ec\/christianfalconi\/wp-json\/wp\/v2\/types\/post"}],"author":[{"embeddable":true,"href":"https:\/\/blog.espol.edu.ec\/christianfalconi\/wp-json\/wp\/v2\/users\/5429"}],"replies":[{"embeddable":true,"href":"https:\/\/blog.espol.edu.ec\/christianfalconi\/wp-json\/wp\/v2\/comments?post=68"}],"version-history":[{"count":1,"href":"https:\/\/blog.espol.edu.ec\/christianfalconi\/wp-json\/wp\/v2\/posts\/68\/revisions"}],"predecessor-version":[{"id":71,"href":"https:\/\/blog.espol.edu.ec\/christianfalconi\/wp-json\/wp\/v2\/posts\/68\/revisions\/71"}],"wp:attachment":[{"href":"https:\/\/blog.espol.edu.ec\/christianfalconi\/wp-json\/wp\/v2\/media?parent=68"}],"wp:term":[{"taxonomy":"category","embeddable":true,"href":"https:\/\/blog.espol.edu.ec\/christianfalconi\/wp-json\/wp\/v2\/categories?post=68"},{"taxonomy":"post_tag","embeddable":true,"href":"https:\/\/blog.espol.edu.ec\/christianfalconi\/wp-json\/wp\/v2\/tags?post=68"}],"curies":[{"name":"wp","href":"https:\/\/api.w.org\/{rel}","templated":true}]}}