{"id":78,"date":"2011-01-27T05:14:57","date_gmt":"2011-01-27T05:14:57","guid":{"rendered":"http:\/\/blog.espol.edu.ec\/christianfalconi\/?p=78"},"modified":"2011-01-27T05:14:57","modified_gmt":"2011-01-27T05:14:57","slug":"barcelona-pretende-a-borghello","status":"publish","type":"post","link":"https:\/\/blog.espol.edu.ec\/christianfalconi\/2011\/01\/27\/barcelona-pretende-a-borghello\/","title":{"rendered":"Barcelona pretende a Borghello"},"content":{"rendered":"<p>Barcelona podr\u00eda completar su cupo de futbolistas extranjeros (tiene tres) con la contrataci\u00f3n del argentino Iv\u00e1n Borghello, atacante que actualmente milita en el Newell\u2019s Old Boys, de Rosario, conjunto al que retorn\u00f3 luego de su paso por el Deportivo Quito.<\/p>\n<p>Alfonso Harb, presidente canario, reconoci\u00f3 ayer que se negocia con Borghello, que fue dirigido por Rub\u00e9n Dar\u00edo Ins\u00faa, actual estratega amarillo, en el 2009 y 2010, cuando ambos eran azulgranas.<br \/>\n<!--more--><br \/>\nSin embargo, Harb neg\u00f3 que ya se haya concretado la incorporaci\u00f3n del delantero de 28 a\u00f1os a Barcelona, como se mencion\u00f3 ayer en redes sociales.<\/p>\n<p>\u201cNo es cierto aquello\u201d, respondi\u00f3 el Pocho a este Diario, consultado sobre la contrataci\u00f3n de Borghello.<\/p>\n<p>El artillero, que marc\u00f3 quince goles en 30 partidos por el certamen ecuatoriano con la camiseta chulla, tambi\u00e9n es pretendido por Estudiantes de La Plata, seg\u00fan medios de comunicaci\u00f3n argentinos.<\/p>\n<p>Harb, refiri\u00e9ndose al atacante que tambi\u00e9n ha actuado en Godoy Cruz de Mendoza y Talleres de C\u00f3rdoba, dijo que \u201clos jugadores buenos generan inter\u00e9s en Barcelona, pero de ah\u00ed a que sea cierto que ya Borghello est\u00e9 cerca, no es cierto\u201d. E insisti\u00f3 el directivo en que solo \u201cse est\u00e1 conversando\u201d.<\/p>\n<p>En portales argentinos se indica que Borghello podr\u00eda acordar su llegada al cuadro que entrena el Poeta el martes pr\u00f3ximo, y unirse como for\u00e1neo al brasile\u00f1o Rodrigo Teixeira (que no podr\u00e1 debutar ante el Imbabura porque su transferencia no lleg\u00f3 a la FEF) y a los argentinos Rodrigo Marangoni y Mat\u00edas Oyola.<\/p>\n<p><img decoding=\"async\" src=\"http:\/\/www.albiazul.com.ar\/main\/uploaded_images\/2007\/20070729borghellod011dh01.jpg\" alt=\"\" \/><\/p>\n","protected":false},"excerpt":{"rendered":"<p>Barcelona podr\u00eda completar su cupo de futbolistas extranjeros (tiene tres) con la contrataci\u00f3n del argentino Iv\u00e1n Borghello, atacante que actualmente milita en el Newell\u2019s Old Boys, de Rosario, conjunto al que retorn\u00f3 luego de su paso por el Deportivo Quito. Alfonso Harb, presidente canario, reconoci\u00f3 ayer que se negocia con Borghello, que fue dirigido por [&hellip;]<\/p>\n","protected":false},"author":5429,"featured_media":0,"comment_status":"open","ping_status":"open","sticky":false,"template":"","format":"standard","meta":{"footnotes":""},"categories":[1],"tags":[],"class_list":["post-78","post","type-post","status-publish","format-standard","hentry","category-uncategorized"],"_links":{"self":[{"href":"https:\/\/blog.espol.edu.ec\/christianfalconi\/wp-json\/wp\/v2\/posts\/78","targetHints":{"allow":["GET"]}}],"collection":[{"href":"https:\/\/blog.espol.edu.ec\/christianfalconi\/wp-json\/wp\/v2\/posts"}],"about":[{"href":"https:\/\/blog.espol.edu.ec\/christianfalconi\/wp-json\/wp\/v2\/types\/post"}],"author":[{"embeddable":true,"href":"https:\/\/blog.espol.edu.ec\/christianfalconi\/wp-json\/wp\/v2\/users\/5429"}],"replies":[{"embeddable":true,"href":"https:\/\/blog.espol.edu.ec\/christianfalconi\/wp-json\/wp\/v2\/comments?post=78"}],"version-history":[{"count":1,"href":"https:\/\/blog.espol.edu.ec\/christianfalconi\/wp-json\/wp\/v2\/posts\/78\/revisions"}],"predecessor-version":[{"id":79,"href":"https:\/\/blog.espol.edu.ec\/christianfalconi\/wp-json\/wp\/v2\/posts\/78\/revisions\/79"}],"wp:attachment":[{"href":"https:\/\/blog.espol.edu.ec\/christianfalconi\/wp-json\/wp\/v2\/media?parent=78"}],"wp:term":[{"taxonomy":"category","embeddable":true,"href":"https:\/\/blog.espol.edu.ec\/christianfalconi\/wp-json\/wp\/v2\/categories?post=78"},{"taxonomy":"post_tag","embeddable":true,"href":"https:\/\/blog.espol.edu.ec\/christianfalconi\/wp-json\/wp\/v2\/tags?post=78"}],"curies":[{"name":"wp","href":"https:\/\/api.w.org\/{rel}","templated":true}]}}