{"id":4,"date":"2008-12-09T16:14:59","date_gmt":"2008-12-09T21:14:59","guid":{"rendered":"http:\/\/blog.espol.edu.ec\/emprendedores\/?p=4"},"modified":"2009-04-14T00:21:38","modified_gmt":"2009-04-14T04:21:38","slug":"semana-del-emprendedor-2008","status":"publish","type":"post","link":"https:\/\/blog.espol.edu.ec\/clubemprendedores\/semana-del-emprendedor-2008\/","title":{"rendered":"Semana del Emprendedor 2008"},"content":{"rendered":"<p>La semana del Emprendedor es un evento organizado por el CEEMP y tiene como objetivo promover el Esp\u00edritu Emprendedor dentro de la ESPOL y en la comunidad en general y se realiza anualmente desde el a\u00f1o 2003.<span style=\"color: #ffffff\">_<\/span><\/p>\n<p>Este evento se llev\u00f3 a cabo del 6 al 9 de Agosto del 2008 en el Auditorio de la FIEC y fue ignaugurado por el Ing. Mois\u00e9s Tacle, Rector de la ESPOL. Adem\u00e1s se present\u00f3 oficialmente el Club de Emprendedores de la ESPOL y se lanz\u00f3 una invitaci\u00f3n a la Comunidad Polit\u00e9cnica a ser parte del mismo.<span style=\"color: #ffffff\">_<\/span><\/p>\n<p>En esta ocasi\u00f3n tuvimos el agrado de contar con seis destacados conferencistas como Ernesto Kruger, due\u00f1o de la mayor empresa de software del pa\u00eds; Vicente Ordo\u00f1ez, alumno de ESPOL el cual realiz\u00f3 una pasant\u00eda de cuatro meses en Google; Manuel Lozano, due\u00f1o de Sumbawa Surf Shop; Rafael Sarmiento, creador de\u00a0 Cholomachine; Fav\u00edan Quirola, empresario quite\u00f1o Ingeniero de Sistemas y Nelsa Curbelo, directiva de Ser Paz.<\/p>\n<p><span style=\"color: #ffffff\">_<\/span><\/p>\n<h6><strong>Mi\u00e9rcoles 6 de Agosto.<\/strong><\/h6>\n<p><span style=\"color: #ffffff\">_<\/span><\/p>\n<h5 style=\"text-align: center\"><a href=\"http:\/\/blog.espol.edu.ec\/emprendedores\/files\/2008\/12\/100_0793.jpg\"><img loading=\"lazy\" decoding=\"async\" class=\"alignnone size-medium wp-image-7\" src=\"http:\/\/blog.espol.edu.ec\/emprendedores\/files\/2008\/12\/100_0793-300x225.jpg\" alt=\"\" width=\"300\" height=\"225\" \/><\/a><\/h5>\n<h6 style=\"text-align: center\">Miembros del club con Ernesto Kruger y Vicente Ord\u00f3\u00f1ez.<\/h6>\n<p><span style=\"color: #ffffff\">_<\/span><\/p>\n<h6><strong>Jueves 7 de<strong> Agosto.<\/strong><\/strong><\/h6>\n<p><span style=\"color: #ffffff\">_<\/span><\/p>\n<p style=\"text-align: center\"><a href=\"http:\/\/blog.espol.edu.ec\/emprendedores\/files\/2008\/12\/100_0828.jpg\"><img loading=\"lazy\" decoding=\"async\" class=\"alignnone size-medium wp-image-8\" src=\"http:\/\/blog.espol.edu.ec\/emprendedores\/files\/2008\/12\/100_0828-300x225.jpg\" alt=\"\" width=\"300\" height=\"225\" \/><\/a><a href=\"http:\/\/blog.espol.edu.ec\/emprendedores\/files\/2008\/12\/100_0818.jpg\"> <\/a><a href=\"http:\/\/blog.espol.edu.ec\/emprendedores\/files\/2008\/12\/100_0805.jpg\"><img loading=\"lazy\" decoding=\"async\" class=\"alignnone size-medium wp-image-10\" src=\"http:\/\/blog.espol.edu.ec\/emprendedores\/files\/2008\/12\/100_0805-300x225.jpg\" alt=\"\" width=\"300\" height=\"225\" \/><\/a><\/p>\n<h6 style=\"text-align: center\">Miembros del Club con Rafael Sarmiento\u00a0\u00a0\u00a0\u00a0\u00a0\u00a0\u00a0\u00a0\u00a0\u00a0\u00a0 \u00a0 Miembros del club con Manuel Lozano<\/h6>\n<p><span style=\"color: #ffffff\">_<\/span><\/p>\n<h6>Viernes 8 de <strong><strong><strong><strong>Agosto.<\/strong><\/strong><\/strong><\/strong><\/h6>\n<p><span style=\"color: #ffffff\">_<\/span><\/p>\n<p style=\"text-align: center\"><a href=\"http:\/\/blog.espol.edu.ec\/emprendedores\/files\/2008\/12\/100_0834.jpg\"><img loading=\"lazy\" decoding=\"async\" class=\"alignnone size-medium wp-image-12\" src=\"http:\/\/blog.espol.edu.ec\/emprendedores\/files\/2008\/12\/100_0834-300x225.jpg\" alt=\"\" width=\"300\" height=\"225\" \/><\/a><a href=\"http:\/\/blog.espol.edu.ec\/emprendedores\/files\/2008\/12\/100_0854.jpg\"> <img loading=\"lazy\" decoding=\"async\" class=\"alignnone size-medium wp-image-11\" src=\"http:\/\/blog.espol.edu.ec\/emprendedores\/files\/2008\/12\/100_0854-300x225.jpg\" alt=\"\" width=\"300\" height=\"225\" \/><\/a><\/p>\n<h6 style=\"text-align: center\">Ing. Guido Caicedo con el Ing. Favi\u00e1n Quirola \u00a0 \u00a0 \u00a0\u00a0\u00a0 \u00a0\u00a0\u00a0 Miembros del Club con Nelsa Curbelo<\/h6>\n<p><span style=\"color: #ffffff\">_<\/span><\/p>\n<p>Para cerrar con \"Broche de Oro\" la semana de conferencias, se proyect\u00f3 una pel\u00edcula en el Auditorio de la FIEC por la ignauguraci\u00f3n de los equipos adquiridos para el uso del Cine de la ESOL.<\/p>\n<p><span style=\"color: #ffffff\">_<\/span><\/p>\n<p><em><strong>El S\u00e1bado de\u00a0 9 de Agosto finaliz\u00f3 el evento con un taller de \"Herramientas en Internet para Emprendedores\" facilitado por el Ing. Guido Caicedo.<\/strong><\/em><\/p>\n<p><span style=\"color: #ffffff\">_<\/span><\/p>\n<p><a href=\"http:\/\/blog.espol.edu.ec\/emprendedores\/files\/2008\/12\/100_0866.jpg\"><img loading=\"lazy\" decoding=\"async\" class=\"aligncenter size-medium wp-image-13\" src=\"http:\/\/blog.espol.edu.ec\/emprendedores\/files\/2008\/12\/100_0866-300x225.jpg\" alt=\"\" width=\"300\" height=\"225\" \/><\/a><\/p>\n<p><span style=\"color: #ffffff\">_<\/span><\/p>\n<p><span style=\"color: #ffffff\">_<\/span><\/p>\n","protected":false},"excerpt":{"rendered":"<p>La semana del Emprendedor es un evento organizado por el CEEMP y tiene como objetivo promover el Esp\u00edritu Emprendedor dentro de la ESPOL y en la comunidad en general y se realiza anualmente desde el a\u00f1o 2003._ Este evento se llev\u00f3 a cabo del 6 al 9 de Agosto del 2008 en el Auditorio de [&hellip;]<\/p>\n","protected":false},"author":385,"featured_media":0,"comment_status":"open","ping_status":"open","sticky":false,"template":"","format":"standard","meta":{"footnotes":""},"categories":[2032],"tags":[1155,22301,83,6,22302],"class_list":["post-4","post","type-post","status-publish","format-standard","hentry","category-conferencias","tag-1155","tag-conferencias","tag-emprendedor","tag-espol","tag-eventos"],"_links":{"self":[{"href":"https:\/\/blog.espol.edu.ec\/clubemprendedores\/wp-json\/wp\/v2\/posts\/4","targetHints":{"allow":["GET"]}}],"collection":[{"href":"https:\/\/blog.espol.edu.ec\/clubemprendedores\/wp-json\/wp\/v2\/posts"}],"about":[{"href":"https:\/\/blog.espol.edu.ec\/clubemprendedores\/wp-json\/wp\/v2\/types\/post"}],"author":[{"embeddable":true,"href":"https:\/\/blog.espol.edu.ec\/clubemprendedores\/wp-json\/wp\/v2\/users\/385"}],"replies":[{"embeddable":true,"href":"https:\/\/blog.espol.edu.ec\/clubemprendedores\/wp-json\/wp\/v2\/comments?post=4"}],"version-history":[{"count":1,"href":"https:\/\/blog.espol.edu.ec\/clubemprendedores\/wp-json\/wp\/v2\/posts\/4\/revisions"}],"predecessor-version":[{"id":21,"href":"https:\/\/blog.espol.edu.ec\/clubemprendedores\/wp-json\/wp\/v2\/posts\/4\/revisions\/21"}],"wp:attachment":[{"href":"https:\/\/blog.espol.edu.ec\/clubemprendedores\/wp-json\/wp\/v2\/media?parent=4"}],"wp:term":[{"taxonomy":"category","embeddable":true,"href":"https:\/\/blog.espol.edu.ec\/clubemprendedores\/wp-json\/wp\/v2\/categories?post=4"},{"taxonomy":"post_tag","embeddable":true,"href":"https:\/\/blog.espol.edu.ec\/clubemprendedores\/wp-json\/wp\/v2\/tags?post=4"}],"curies":[{"name":"wp","href":"https:\/\/api.w.org\/{rel}","templated":true}]}}