{"id":198,"date":"2014-06-24T06:23:55","date_gmt":"2014-06-24T06:23:55","guid":{"rendered":"http:\/\/blog.espol.edu.ec\/cmrojas\/?p=198"},"modified":"2014-06-24T13:10:56","modified_gmt":"2014-06-24T13:10:56","slug":"coelho-prefiere-la-alquimia-de-las-redes-sociales-a-las-entrevistas","status":"publish","type":"post","link":"https:\/\/blog.espol.edu.ec\/cmrojas\/2014\/06\/24\/coelho-prefiere-la-alquimia-de-las-redes-sociales-a-las-entrevistas\/","title":{"rendered":"Coelho prefiere la alquimia de las redes sociales a las entrevistas"},"content":{"rendered":"<p>R\u00cdO DE JANEIRO, BRASIL (14\/ENE\/2014).- El popular escritor brasile\u00f1o Paulo Coelho explic\u00f3 que no est\u00e1 dando pr\u00e1cticamente ninguna entrevista, ni siquiera con el lanzamiento de sus libros, porque prefiere dirigirse \"directamente\" a su p\u00fablico a trav\u00e9s de las redes sociales.<\/p>\n<p><img loading=\"lazy\" decoding=\"async\" class=\"alignleft wp-image-199 \" src=\"http:\/\/blog.espol.edu.ec\/cmrojas\/files\/2014\/06\/1003154-300x224.jpg\" alt=\"1003154\" width=\"308\" height=\"230\" srcset=\"https:\/\/blog.espol.edu.ec\/cmrojas\/files\/2014\/06\/1003154-300x224.jpg 300w, https:\/\/blog.espol.edu.ec\/cmrojas\/files\/2014\/06\/1003154.jpg 370w\" sizes=\"auto, (max-width: 308px) 100vw, 308px\" \/><\/p>\n<p>&nbsp;<\/p>\n<p>&nbsp;<\/p>\n<p>&nbsp;<\/p>\n<p>&nbsp;<\/p>\n<p>&nbsp;<\/p>\n<p>&nbsp;<\/p>\n<p>&nbsp;<\/p>\n<p>&nbsp;<\/p>\n<p>\"No se debe, de ninguna manera, a una actitud arrogante o de irrespeto a los periodistas\", explic\u00f3 en su blog el autor de El Alquimista, la novela que transmut\u00f3 su prosa en la venta de decenas de millones de ejemplares en todo el mundo.<\/p>\n<p style=\"text-align: justify\">\"Junto con las librer\u00edas y los lectores, ellos colaboraron en para mi \u00e9xito\", pero \"las comunidades sociales hoy me permiten llegar directamente a los lectores, la idea de promocionar un libro a trav\u00e9s de los medios de comunicaci\u00f3n termina siendo redundante\", dijo.<\/p>\n<p style=\"text-align: justify\">El escritor brasile\u00f1o de 66 a\u00f1os de edad, que se comunica regularmente por su cuenta Twitter, Facebook, Instagram y G+, cit\u00f3 otras razones de su nueva adicci\u00f3n.<\/p>\n<p style=\"text-align: justify\">Dijo por ejemplo que sus libros son lo suficientemente claros para hablar por s\u00ed mismos y lament\u00f3 la desaparici\u00f3n progresiva de los suplementos culturales de los diarios, que florecieron en su juventud.<\/p>\n<p style=\"text-align: justify\">\"Por ello, surgen preguntas que no tengo paciencia para responder, como 'Explique su \u00e9xito' o 'qu\u00e9 hace con su dinero'. Nada que est\u00e9 relacionado al proceso creativo en s\u00ed\", protest\u00f3.<\/p>\n<p style=\"text-align: justify\">Con todo, Coelho aclar\u00f3 que \"esto de ninguna manera quiere decir que NUNCA d\u00e9 entrevistas\". El autor asegur\u00f3 que seguir\u00e1 brindando a la prensa su opini\u00f3n sobre temas que considere \"importantes\", como \"defender el contenido libre en internet\".<\/p>\n","protected":false},"excerpt":{"rendered":"<p>R\u00cdO DE JANEIRO, BRASIL (14\/ENE\/2014).- El popular escritor brasile\u00f1o Paulo Coelho explic\u00f3 que no est\u00e1 dando pr\u00e1cticamente ninguna entrevista, ni siquiera con el lanzamiento de sus libros, porque prefiere dirigirse \"directamente\" a su p\u00fablico a trav\u00e9s de las redes sociales. &nbsp; &nbsp; &nbsp; &nbsp; &nbsp; &nbsp; &nbsp; &nbsp; \"No se debe, de ninguna manera, a [&hellip;]<\/p>\n","protected":false},"author":9075,"featured_media":0,"comment_status":"open","ping_status":"open","sticky":false,"template":"","format":"standard","meta":{"footnotes":""},"categories":[818],"tags":[],"class_list":["post-198","post","type-post","status-publish","format-standard","hentry","category-sin-categoria"],"_links":{"self":[{"href":"https:\/\/blog.espol.edu.ec\/cmrojas\/wp-json\/wp\/v2\/posts\/198","targetHints":{"allow":["GET"]}}],"collection":[{"href":"https:\/\/blog.espol.edu.ec\/cmrojas\/wp-json\/wp\/v2\/posts"}],"about":[{"href":"https:\/\/blog.espol.edu.ec\/cmrojas\/wp-json\/wp\/v2\/types\/post"}],"author":[{"embeddable":true,"href":"https:\/\/blog.espol.edu.ec\/cmrojas\/wp-json\/wp\/v2\/users\/9075"}],"replies":[{"embeddable":true,"href":"https:\/\/blog.espol.edu.ec\/cmrojas\/wp-json\/wp\/v2\/comments?post=198"}],"version-history":[{"count":5,"href":"https:\/\/blog.espol.edu.ec\/cmrojas\/wp-json\/wp\/v2\/posts\/198\/revisions"}],"predecessor-version":[{"id":215,"href":"https:\/\/blog.espol.edu.ec\/cmrojas\/wp-json\/wp\/v2\/posts\/198\/revisions\/215"}],"wp:attachment":[{"href":"https:\/\/blog.espol.edu.ec\/cmrojas\/wp-json\/wp\/v2\/media?parent=198"}],"wp:term":[{"taxonomy":"category","embeddable":true,"href":"https:\/\/blog.espol.edu.ec\/cmrojas\/wp-json\/wp\/v2\/categories?post=198"},{"taxonomy":"post_tag","embeddable":true,"href":"https:\/\/blog.espol.edu.ec\/cmrojas\/wp-json\/wp\/v2\/tags?post=198"}],"curies":[{"name":"wp","href":"https:\/\/api.w.org\/{rel}","templated":true}]}}