{"id":1,"count":30,"description":"Ofrecer una visi\u00f3n sist\u00e9mica, te\u00f3rica y aplicada de la creatividad en sus diversas manifestaciones, con conferencias, talleres\u2026 de distintos protagonistas que est\u00e1n trabajando en el tema de la creatividad.","link":"https:\/\/blog.espol.edu.ec\/creativa\/category\/uncategorized\/","name":"Jornadas de Creatividad","slug":"uncategorized","taxonomy":"category","parent":0,"meta":[],"_links":{"self":[{"href":"https:\/\/blog.espol.edu.ec\/creativa\/wp-json\/wp\/v2\/categories\/1","targetHints":{"allow":["GET"]}}],"collection":[{"href":"https:\/\/blog.espol.edu.ec\/creativa\/wp-json\/wp\/v2\/categories"}],"about":[{"href":"https:\/\/blog.espol.edu.ec\/creativa\/wp-json\/wp\/v2\/taxonomies\/category"}],"wp:post_type":[{"href":"https:\/\/blog.espol.edu.ec\/creativa\/wp-json\/wp\/v2\/posts?categories=1"}],"curies":[{"name":"wp","href":"https:\/\/api.w.org\/{rel}","templated":true}]}}