{"id":108,"date":"2010-08-11T04:45:29","date_gmt":"2010-08-11T04:45:29","guid":{"rendered":"http:\/\/blog.espol.edu.ec\/creativa\/?p=108"},"modified":"2010-08-12T05:52:50","modified_gmt":"2010-08-12T05:52:50","slug":"conferencia-cre-actividad-mueve-tus-neuronas","status":"publish","type":"post","link":"https:\/\/blog.espol.edu.ec\/creativa\/2010\/08\/11\/conferencia-cre-actividad-mueve-tus-neuronas\/","title":{"rendered":"Conferencia: CRE-ACTIVIDAD, mueve tus neuronas"},"content":{"rendered":"<p>Es para nosotros un honor tener como conferencista dentro de las Jornadas de Creatividad a <strong>Jorge Castillo Cortez<\/strong>, nos presenta las conferencia CRE-ACTIVIDAD, mueve tus neuronas<\/p>\n<h2><strong>Qui\u00e9n es Jorge Castillo Cortez? <\/strong><\/h2>\n<p>Castillo de nacionalidad Chilena, quien a\u00a0 lo largo de sus 18 a\u00f1os en carrera como dise\u00f1ador gr\u00e1fico y creativo en agencias de publicidad y estudios de dise\u00f1o y con mas de 18 a\u00f1os como catedr\u00e1tico, ha sido capacitado y ha capaitado en muchos cursos y seminarios de <strong>comunicaci\u00f3n, fotograf\u00eda, foto montaje, cine, creaci\u00f3n de tipograf\u00edas, creatividad<\/strong>, adem\u00e1s de los m\u00e9todos y t\u00e9cnica utilizadas por las agencias transnacionales de publicidad mas importantes.<\/p>\n<p>Este personaje tan importante del dise\u00f1o, nos contar\u00e1 sus experiencias de esta enigm\u00e1tica carrera<\/p>\n<p>Ha laborado en Citra\/Artic Publicidad como Director de Arte \/ Creativo; en Ogilvy\u00a0 V\u00e9ritas como Director de arte y director creativo, en Creativo como Director de Arte; en McCann Ericsson como Director de Arte; en THC como Director Creativo; en L\u2019agecia como Director creativo<\/p>\n<p>Su amplia experiencia Docente como: Director de carrera de Dise\u00f1o Gr\u00e1fico de IDI, Instituto de Dise\u00f1o gr\u00e1fico e Industrial.\u00a0 Director de carrera de Dise\u00f1o Gr\u00e1fico de ITSU, Instituto T\u00e9cnico Superior Urdesa. Actualmente catedr\u00e1tico y\u00a0 vice-rector acad\u00e9mico del IGAD, Instituto Gr\u00e1fico de Artes Digitales<\/p>\n<p>Ha manejado marcas Transnacionales como: UNILEVER: Pond\u2019s, Efficient, Rexona, Sedal, Ping\u00fcino (cambio de imagen), Shell, Hotel Hilt\u00f3n Col\u00f3n (Guayaquil, Quito), American Express, Pennzoil, Shogun, Vega,<\/p>\n<p>Proyectos de marcas NACIONALES trabajadas: Megamaxi, Mall del Sol, Barred, Agua Linda, IGAD, ITSU, IDI, Artic Publicidad<\/p>\n<p>Profesor de: Teoria del Dise\u00f1o, Teoria del Color, Historia de la Tipografia, Fotografia, Identidad e Imagen Corporativa, Ilustraci\u00f3n Digital, Photoshop, Publicidad, Marketing<\/p>\n<p><a href=\"http:\/\/blog.espol.edu.ec\/creativa\/files\/2010\/07\/LogoJornadas1.jpg\"><img loading=\"lazy\" decoding=\"async\" class=\"aligncenter size-medium wp-image-16\" title=\"LogoJornadas\" src=\"http:\/\/blog.espol.edu.ec\/creativa\/files\/2010\/07\/LogoJornadas1-300x112.jpg\" alt=\"\" width=\"300\" height=\"112\" srcset=\"https:\/\/blog.espol.edu.ec\/creativa\/files\/2010\/07\/LogoJornadas1-300x112.jpg 300w, https:\/\/blog.espol.edu.ec\/creativa\/files\/2010\/07\/LogoJornadas1.jpg 585w\" sizes=\"auto, (max-width: 300px) 100vw, 300px\" \/><\/a><\/p>\n<p><strong>I Jornadas Internacionales de Creatividad <\/strong><\/p>\n<p><strong>FECHA<\/strong>: Jueves, 12 de agosto de 2010<\/p>\n<p><strong>HORA<\/strong>: 08:00 a 18:00<\/p>\n<p><strong>LUGAR<\/strong>: Aula Magna de la Espol, Malec\u00f3n 100 y Loja, Campus Las Pe\u00f1as<\/p>\n<p><strong>ORGANIZA<\/strong>: Escuela de Dise\u00f1o y Comunicaci\u00f3n Visual, de la ESPOL<\/p>\n<p><strong>COSTO<\/strong>: GRATUITO<\/p>\n<form id=\"vozme_form_d8e075d2ba573507f13af76ff1f784d4\" method=\"post\" name=\"vozme_form_d8e075d2ba573507f13af76ff1f784d4\" target=\"d8e075d2ba573507f13af76ff1f784d4\" action=\"http:\/\/vozme.com\/text2voice.php\"><input name=\"text\" type=\"hidden\" value=\"Conferencia: CRE-ACTIVIDAD, mueve tus neuronas. Es para nosotros un honor tener como conferencista dentro de las Jornadas de Creatividad a Jorge Castillo Cortez, nos presenta las conferencia CRE-ACTIVIDAD, mueve tus neuronas\nQui\u00e9n es Jorge Castillo Cortez? \nCastillo de nacionalidad Chilena, quien a\u00a0 lo largo de sus 18 a\u00f1os en carrera como dise\u00f1ador gr\u00e1fico y creativo en agencias de publicidad y estudios de dise\u00f1o y con mas de 18 a\u00f1os como catedr\u00e1tico, ha sido capacitado y ha capaitado en muchos cursos y seminarios de comunicaci\u00f3n, fotograf\u00eda, foto montaje, cine, creaci\u00f3n de tipograf\u00edas, creatividad, adem\u00e1s de los m\u00e9todos y t\u00e9cnica utilizadas por las agencias transnacionales de publicidad mas importantes.\nEste personaje tan importante del dise\u00f1o, nos contar\u00e1 sus experiencias de esta enigm\u00e1tica carrera\nHa laborado en Citra\/Artic Publicidad como Director de Arte \/ Creativo; en Ogilvy\u00a0 V\u00e9ritas como Director de arte y director creativo, en Creativo como Director de Arte; en McCann Ericsson como Director de Arte; en THC como Director Creativo; en L\u2019agecia como Director creativo\nSu amplia experiencia Docente como: Director de carrera de Dise\u00f1o Gr\u00e1fico de IDI, Instituto de Dise\u00f1o gr\u00e1fico e Industrial.\u00a0 Director de carrera de Dise\u00f1o Gr\u00e1fico de ITSU, Instituto T\u00e9cnico Superior Urdesa. Actualmente catedr\u00e1tico y\u00a0 vice-rector acad\u00e9mico del IGAD, Instituto Gr\u00e1fico de Artes Digitales\nHa manejado marcas Transnacionales como: UNILEVER: Pond\u2019s, Efficient, Rexona, Sedal, Ping\u00fcino (cambio de imagen), Shell, Hotel Hilt\u00f3n Col\u00f3n (Guayaquil, Quito), American Express, Pennzoil, Shogun, Vega,\nProyectos de marcas NACIONALES trabajadas: Megamaxi, Mall del Sol, Barred, Agua Linda, IGAD, ITSU, IDI, Artic Publicidad\nProfesor de: Teoria del Dise\u00f1o, Teoria del Color, Historia de la Tipografia, Fotografia, Identidad e Imagen Corporativa, Ilustraci\u00f3n Digital, Photoshop, Publicidad, Marketing\n\nI Jornadas Internacionales de Creatividad \nFECHA: Jueves, 12 de agosto de 2010\nHORA: 08:00 a 18:00\nLUGAR: Aula Magna de la Espol, Malec\u00f3n 100 y Loja, Campus Las Pe\u00f1as\nORGANIZA: Escuela de Dise\u00f1o y Comunicaci\u00f3n Visual, de la ESPOL\nCOSTO: GRATUITO\n\" \/><input name=\"lang\" type=\"hidden\" value=\"en\" \/><input name=\"gn\" type=\"hidden\" value=\"ml\" \/><input type=\"hidden\" id=\"interface\" name=\"interface\" value=\"full\" \/>\n\t\t\t<div style=\"margin-left:40%;\">\n\t\t\t\n\t\t\t\t<input style=\"float:left;\" type=\"image\" width=\"40\" height=\"40\" src=\"http:\/\/blog.espol.edu.ec\/creativa\/wp-content\/plugins\/vozme\/img\/megaphone40x40w.gif\" alt=\"Hear this post\" onclick=\"window.open('', 'd8e075d2ba573507f13af76ff1f784d4', 'width=600,height=370,scrollbars=yes,location=yes,menubar=yes,resizable=yes,status=yes,toolbar=yes');\">\n\t\t\t\t<div style=\"margin-left:48px; text-align:left;\"><a style=\"font-size:12px;\" href=\"javascript:void(0);\" onclick=\"window.open('', 'd8e075d2ba573507f13af76ff1f784d4', 'width=600,height=370,scrollbars=yes,location=yes,menubar=yes,resizable=yes,status=yes,toolbar=yes'); document.getElementById('vozme_form_d8e075d2ba573507f13af76ff1f784d4').submit();\">Hear<br\/>this post<\/a><\/div>\n\t\t\t<\/div><\/form>","protected":false},"excerpt":{"rendered":"<p>Es para nosotros un honor tener como conferencista dentro de las Jornadas de Creatividad a Jorge Castillo Cortez, nos presenta las conferencia CRE-ACTIVIDAD, mueve tus neuronas Qui\u00e9n es Jorge Castillo Cortez? Castillo de nacionalidad Chilena, quien a\u00a0 lo largo de sus 18 a\u00f1os en carrera como dise\u00f1ador gr\u00e1fico y creativo en agencias de publicidad y [&hellip;]<\/p>\n","protected":false},"author":5053,"featured_media":0,"comment_status":"open","ping_status":"open","sticky":false,"template":"","format":"standard","meta":{"footnotes":""},"categories":[1044,1],"tags":[557,87374,3129,22451,22452],"class_list":["post-108","post","type-post","status-publish","format-standard","hentry","category-creatividad","category-uncategorized","tag-cine","tag-creatividad","tag-fotografia","tag-jorge-castillo-cortez-igad","tag-montaje"],"aioseo_notices":[],"_links":{"self":[{"href":"https:\/\/blog.espol.edu.ec\/creativa\/wp-json\/wp\/v2\/posts\/108","targetHints":{"allow":["GET"]}}],"collection":[{"href":"https:\/\/blog.espol.edu.ec\/creativa\/wp-json\/wp\/v2\/posts"}],"about":[{"href":"https:\/\/blog.espol.edu.ec\/creativa\/wp-json\/wp\/v2\/types\/post"}],"author":[{"embeddable":true,"href":"https:\/\/blog.espol.edu.ec\/creativa\/wp-json\/wp\/v2\/users\/5053"}],"replies":[{"embeddable":true,"href":"https:\/\/blog.espol.edu.ec\/creativa\/wp-json\/wp\/v2\/comments?post=108"}],"version-history":[{"count":7,"href":"https:\/\/blog.espol.edu.ec\/creativa\/wp-json\/wp\/v2\/posts\/108\/revisions"}],"predecessor-version":[{"id":116,"href":"https:\/\/blog.espol.edu.ec\/creativa\/wp-json\/wp\/v2\/posts\/108\/revisions\/116"}],"wp:attachment":[{"href":"https:\/\/blog.espol.edu.ec\/creativa\/wp-json\/wp\/v2\/media?parent=108"}],"wp:term":[{"taxonomy":"category","embeddable":true,"href":"https:\/\/blog.espol.edu.ec\/creativa\/wp-json\/wp\/v2\/categories?post=108"},{"taxonomy":"post_tag","embeddable":true,"href":"https:\/\/blog.espol.edu.ec\/creativa\/wp-json\/wp\/v2\/tags?post=108"}],"curies":[{"name":"wp","href":"https:\/\/api.w.org\/{rel}","templated":true}]}}