{"id":168,"date":"2010-08-10T22:27:01","date_gmt":"2010-08-10T22:27:01","guid":{"rendered":"http:\/\/blog.espol.edu.ec\/creativa\/?p=168"},"modified":"2010-08-10T22:41:16","modified_gmt":"2010-08-10T22:41:16","slug":"conferencia-generando-ideas-una-mirada-hacia-adentro","status":"publish","type":"post","link":"https:\/\/blog.espol.edu.ec\/creativa\/2010\/08\/10\/conferencia-generando-ideas-una-mirada-hacia-adentro\/","title":{"rendered":"Conferencia: Generando ideas, una mirada hacia adentro"},"content":{"rendered":"<p>En estas Jornadas de Creatividad no pod\u00eda faltar el conocido en \u00e1mbitos de Dise\u00f1o gr\u00e1fico <strong>Esteban Salgado<\/strong>, el compartir\u00e1 sus experiencias a travez de la conferencia <strong>Generando ideas, una mirada hacia adentro.<\/strong><\/p>\n<p>El objetivo de esta conferencia es dar a\u00a0conocer al p\u00fablico particpante una mirada detallada al proceso creativo desde la\u00a0experiencia de Esteban Salgado. Los participantes\u00a0aprender\u00e1n a reflexionar\u00a0sobre su propio proceso creativo y c\u00f3mo puede ser utilizado en la vida\u00a0estudiantil y profesional sin importar el \u00e1rea de especializaci\u00f3n.\u00a0 Se\u00a0pretende\u00a0responder la pregunta: \u00bf<strong><em>c\u00f3mo generar ideas<\/em><\/strong>?.\u00a0 Que excelente pregunta<\/p>\n<p>La conferencia incluir\u00e1 fotos y videos\u00a0sobre proyectos comerciales, experimentales y de investigaci\u00f3n realizados en\u00a0Estados Unidos y Ecuador. Esta conferencia se enfoca en\u00a0el m\u00e9todo de investigaci\u00f3n\u00a0del presentador y no se enfoca \u00fanicamente en mostrar proyectos estilo\u00a0portafolio. Por el contrario la conferencia permitir\u00e1 a sus participantes\u00a0recibir un\u00a0conocimiento aplicable en su propia experiencia creativa.<\/p>\n<h2>Qui\u00e9n es <strong>Esteban Salgado?<\/strong><\/h2>\n<p><a id=\"add_image\" class=\"thickbox\" title=\"A\u00f1adir una imagen\" href=\"media-upload.php?post_id=168&amp;type=image&amp;flash=0&amp;TB_iframe=true&amp;width=640&amp;height=392\"><\/a><a href=\"http:\/\/blog.espol.edu.ec\/creativa\/files\/2010\/08\/Esteban-Salgado1.jpg\"><img loading=\"lazy\" decoding=\"async\" class=\"aligncenter size-full wp-image-172\" title=\"Esteban Salgado\" src=\"http:\/\/blog.espol.edu.ec\/creativa\/files\/2010\/08\/Esteban-Salgado1.jpg\" alt=\"\" width=\"300\" height=\"300\" srcset=\"https:\/\/blog.espol.edu.ec\/creativa\/files\/2010\/08\/Esteban-Salgado1.jpg 300w, https:\/\/blog.espol.edu.ec\/creativa\/files\/2010\/08\/Esteban-Salgado1-150x150.jpg 150w\" sizes=\"auto, (max-width: 300px) 100vw, 300px\" \/><\/a><\/p>\n<p>Ecuatoriano. Dise\u00f1ador gr\u00e1fico. Estudi\u00f3 en School of Visual Arts, NY y Metropolitano de Dise\u00f1o, EC.<\/p>\n<p>Se ha desempe\u00f1ado como director de arte en diferentes empresas en EEUU, el Caribe y Ecuador. Colabor\u00f3 dise\u00f1ando la revista y anuarios Graphis.<\/p>\n<p>Su trabajo ha sido publicado en Taschen Latin American Graphic Design, Taschen Packaging Now, Taschen Logo 2, Bastardised (Made in Bunch), KAK Rusia, entre otros.<\/p>\n<p>Ha participado en exhibiciones en <strong>Quito, Nueva York, Ljubljana, Florencia, Espa\u00f1a y Londres<\/strong>.<\/p>\n<p>Organiz\u00f3 las Bienales de afiche, dise\u00f1o gr\u00e1fico, tipograf\u00eda (Tipos Latinos) y Poster for Tomorrow en Ecuador.<\/p>\n<p>Ha dictado talleres sobre el proceso creativo, tipograf\u00eda y branding; asesora a instituciones educativas locales.<\/p>\n<p>Actualmente se desempe\u00f1a como director creativo de <strong>Velesi Branding<\/strong>, director de arte en <strong>editorial Ayblu<\/strong> y dirige la reconocida la organizaci\u00f3n de gesti\u00f3n cultural <a href=\"http:\/\/grafitat.com\/\">Grafitat.com<\/a><\/p>\n<p><a href=\"http:\/\/blog.espol.edu.ec\/creativa\/files\/2010\/08\/Estevan-salgado-final.jpg\"><img loading=\"lazy\" decoding=\"async\" class=\"aligncenter size-full wp-image-173\" title=\"Estevan salgado, final\" src=\"http:\/\/blog.espol.edu.ec\/creativa\/files\/2010\/08\/Estevan-salgado-final.jpg\" alt=\"\" width=\"562\" height=\"256\" srcset=\"https:\/\/blog.espol.edu.ec\/creativa\/files\/2010\/08\/Estevan-salgado-final.jpg 562w, https:\/\/blog.espol.edu.ec\/creativa\/files\/2010\/08\/Estevan-salgado-final-299x136.jpg 299w\" sizes=\"auto, (max-width: 562px) 100vw, 562px\" \/><\/a><\/p>\n<p><strong>I JORNADAS INTERNACIONALES DE CREATIVIDAD<br \/>\n<\/strong><strong>ORGANIZA<\/strong>: Escuela de Dise\u00f1o y Comunicaci\u00f3n Visual - EDCOM, de la ESPOL<br \/>\n<strong>FECHA<\/strong>: Jueves, 12 de agosto de 2010<br \/>\n<strong>HORA<\/strong>: 08:00 a 18:00<br \/>\n<strong>LUGAR<\/strong>: ESPOL Campus Las Pe\u00f1as, Malec\u00f3n 100 y Loja<br \/>\n<strong>COSTO<\/strong>: GRATUITO<br \/>\n<strong>INSCRIPCIONES AL MAIL<\/strong>: <a href=\"mailto:creativa@espol.edu.ec\">creativa@espol.edu.ec<\/a><br \/>\n<strong>PONTE AL DIA EN FACEBOOK:<\/strong> <a href=\"http:\/\/www.facebook.com\/Gente.Creativa\">www.facebook.com\/Gente.Creativa<\/a><br \/>\n<strong>M\u00c1S INFORMACI\u00d3N EN EL WEB:<\/strong> <a href=\"http:\/\/www.blog.espol.edu.ec\/creativa\">www.blog.espol.edu.ec\/creativa<\/a><br \/>\n<strong>COORDINA EL EVENTO: <\/strong>Jacqueline Mej\u00eda Luna, <a href=\"mailto:jmejia@espol.edu.ec\">jmejia@espol.edu.ec<\/a><br \/>\n<strong>TEL\u00c9FONOS<\/strong>: 04) 2530 565 - (04) 2530 377 - (04) 2530 372\u00a0\u00a0\u00a0\u00a0\u00a0\u00a0 MARCAR EXT. 286<\/p>\n<form id=\"vozme_form_89510a4d02f90ff8130bb0476ac31b52\" method=\"post\" name=\"vozme_form_89510a4d02f90ff8130bb0476ac31b52\" target=\"89510a4d02f90ff8130bb0476ac31b52\" action=\"http:\/\/vozme.com\/text2voice.php\"><input name=\"text\" type=\"hidden\" value=\"Conferencia: Generando ideas, una mirada hacia adentro. En estas Jornadas de Creatividad no pod\u00eda faltar el conocido en \u00e1mbitos de Dise\u00f1o gr\u00e1fico Esteban Salgado, el compartir\u00e1 sus experiencias a travez de la conferencia Generando ideas, una mirada hacia adentro.\nEl objetivo de esta conferencia es dar a\u00a0conocer al p\u00fablico particpante una mirada detallada al proceso creativo desde la\u00a0experiencia de Esteban Salgado. Los participantes\u00a0aprender\u00e1n a reflexionar\u00a0sobre su propio proceso creativo y c\u00f3mo puede ser utilizado en la vida\u00a0estudiantil y profesional sin importar el \u00e1rea de especializaci\u00f3n.\u00a0 Se\u00a0pretende\u00a0responder la pregunta: \u00bfc\u00f3mo generar ideas?.\u00a0 Que excelente pregunta\nLa conferencia incluir\u00e1 fotos y videos\u00a0sobre proyectos comerciales, experimentales y de investigaci\u00f3n realizados en\u00a0Estados Unidos y Ecuador. Esta conferencia se enfoca en\u00a0el m\u00e9todo de investigaci\u00f3n\u00a0del presentador y no se enfoca \u00fanicamente en mostrar proyectos estilo\u00a0portafolio. Por el contrario la conferencia permitir\u00e1 a sus participantes\u00a0recibir un\u00a0conocimiento aplicable en su propia experiencia creativa.\nQui\u00e9n es Esteban Salgado?\n\nEcuatoriano. Dise\u00f1ador gr\u00e1fico. Estudi\u00f3 en School of Visual Arts, NY y Metropolitano de Dise\u00f1o, EC.\nSe ha desempe\u00f1ado como director de arte en diferentes empresas en EEUU, el Caribe y Ecuador. Colabor\u00f3 dise\u00f1ando la revista y anuarios Graphis.\nSu trabajo ha sido publicado en Taschen Latin American Graphic Design, Taschen Packaging Now, Taschen Logo 2, Bastardised (Made in Bunch), KAK Rusia, entre otros.\nHa participado en exhibiciones en Quito, Nueva York, Ljubljana, Florencia, Espa\u00f1a y Londres.\nOrganiz\u00f3 las Bienales de afiche, dise\u00f1o gr\u00e1fico, tipograf\u00eda (Tipos Latinos) y Poster for Tomorrow en Ecuador.\nHa dictado talleres sobre el proceso creativo, tipograf\u00eda y branding; asesora a instituciones educativas locales.\nActualmente se desempe\u00f1a como director creativo de Velesi Branding, director de arte en editorial Ayblu y dirige la reconocida la organizaci\u00f3n de gesti\u00f3n cultural Grafitat.com\n\nI JORNADAS INTERNACIONALES DE CREATIVIDAD\nORGANIZA: Escuela de Dise\u00f1o y Comunicaci\u00f3n Visual - EDCOM, de la ESPOL\nFECHA: Jueves, 12 de agosto de 2010\nHORA: 08:00 a 18:00\nLUGAR: ESPOL Campus Las Pe\u00f1as, Malec\u00f3n 100 y Loja\nCOSTO: GRATUITO\nINSCRIPCIONES AL MAIL: creativa@espol.edu.ec\nPONTE AL DIA EN FACEBOOK: www.facebook.com\/Gente.Creativa\nM\u00c1S INFORMACI\u00d3N EN EL WEB: www.blog.espol.edu.ec\/creativa\nCOORDINA EL EVENTO: Jacqueline Mej\u00eda Luna, jmejia@espol.edu.ec\nTEL\u00c9FONOS: 04) 2530 565 - (04) 2530 377 - (04) 2530 372\u00a0\u00a0\u00a0\u00a0\u00a0\u00a0 MARCAR EXT. 286\n\" \/><input name=\"lang\" type=\"hidden\" value=\"en\" \/><input name=\"gn\" type=\"hidden\" value=\"ml\" \/><input type=\"hidden\" id=\"interface\" name=\"interface\" value=\"full\" \/>\n\t\t\t<div style=\"margin-left:40%;\">\n\t\t\t\n\t\t\t\t<input style=\"float:left;\" type=\"image\" width=\"40\" height=\"40\" src=\"http:\/\/blog.espol.edu.ec\/creativa\/wp-content\/plugins\/vozme\/img\/megaphone40x40w.gif\" alt=\"Hear this post\" onclick=\"window.open('', '89510a4d02f90ff8130bb0476ac31b52', 'width=600,height=370,scrollbars=yes,location=yes,menubar=yes,resizable=yes,status=yes,toolbar=yes');\">\n\t\t\t\t<div style=\"margin-left:48px; text-align:left;\"><a style=\"font-size:12px;\" href=\"javascript:void(0);\" onclick=\"window.open('', '89510a4d02f90ff8130bb0476ac31b52', 'width=600,height=370,scrollbars=yes,location=yes,menubar=yes,resizable=yes,status=yes,toolbar=yes'); document.getElementById('vozme_form_89510a4d02f90ff8130bb0476ac31b52').submit();\">Hear<br\/>this post<\/a><\/div>\n\t\t\t<\/div><\/form>","protected":false},"excerpt":{"rendered":"<p>En estas Jornadas de Creatividad no pod\u00eda faltar el conocido en \u00e1mbitos de Dise\u00f1o gr\u00e1fico Esteban Salgado, el compartir\u00e1 sus experiencias a travez de la conferencia Generando ideas, una mirada hacia adentro. El objetivo de esta conferencia es dar a\u00a0conocer al p\u00fablico particpante una mirada detallada al proceso creativo desde la\u00a0experiencia de Esteban Salgado. Los [&hellip;]<\/p>\n","protected":false},"author":5053,"featured_media":0,"comment_status":"open","ping_status":"open","sticky":false,"template":"","format":"standard","meta":{"footnotes":""},"categories":[1044,2219,1],"tags":[87374,8850,22984,87375],"class_list":["post-168","post","type-post","status-publish","format-standard","hentry","category-creatividad","category-innovacion","category-uncategorized","tag-creatividad","tag-diseno-grafico","tag-esteban-salgado","tag-innovacion"],"aioseo_notices":[],"_links":{"self":[{"href":"https:\/\/blog.espol.edu.ec\/creativa\/wp-json\/wp\/v2\/posts\/168","targetHints":{"allow":["GET"]}}],"collection":[{"href":"https:\/\/blog.espol.edu.ec\/creativa\/wp-json\/wp\/v2\/posts"}],"about":[{"href":"https:\/\/blog.espol.edu.ec\/creativa\/wp-json\/wp\/v2\/types\/post"}],"author":[{"embeddable":true,"href":"https:\/\/blog.espol.edu.ec\/creativa\/wp-json\/wp\/v2\/users\/5053"}],"replies":[{"embeddable":true,"href":"https:\/\/blog.espol.edu.ec\/creativa\/wp-json\/wp\/v2\/comments?post=168"}],"version-history":[{"count":5,"href":"https:\/\/blog.espol.edu.ec\/creativa\/wp-json\/wp\/v2\/posts\/168\/revisions"}],"predecessor-version":[{"id":187,"href":"https:\/\/blog.espol.edu.ec\/creativa\/wp-json\/wp\/v2\/posts\/168\/revisions\/187"}],"wp:attachment":[{"href":"https:\/\/blog.espol.edu.ec\/creativa\/wp-json\/wp\/v2\/media?parent=168"}],"wp:term":[{"taxonomy":"category","embeddable":true,"href":"https:\/\/blog.espol.edu.ec\/creativa\/wp-json\/wp\/v2\/categories?post=168"},{"taxonomy":"post_tag","embeddable":true,"href":"https:\/\/blog.espol.edu.ec\/creativa\/wp-json\/wp\/v2\/tags?post=168"}],"curies":[{"name":"wp","href":"https:\/\/api.w.org\/{rel}","templated":true}]}}