{"id":191,"date":"2010-08-11T03:38:34","date_gmt":"2010-08-11T03:38:34","guid":{"rendered":"http:\/\/blog.espol.edu.ec\/creativa\/?p=191"},"modified":"2010-08-11T03:38:34","modified_gmt":"2010-08-11T03:38:34","slug":"pases-de-cortesia-para-las-jornadas-de-creatividad","status":"publish","type":"post","link":"https:\/\/blog.espol.edu.ec\/creativa\/2010\/08\/11\/pases-de-cortesia-para-las-jornadas-de-creatividad\/","title":{"rendered":"Pases de Cortes\u00eda para las Jornadas de Creatividad"},"content":{"rendered":"<p>Las Jornadas de Creatividad est\u00e1n muy cerca, se realizar\u00e1n este 12 de agosto<\/p>\n<p>Retiren sus PASES DE CORTES\u00cdA, en la ESPOL, Campus Las Pe\u00f1as para que puedan asistir a las Jornadas. Pueden asistir a una \u00f3 a varias conferencias y si prefieren acompa\u00f1arnos todo el d\u00eda en esta marathon de conferencias una m\u00e1s interesante que la otras, NO FALTEN!!!.<\/p>\n<div id=\"attachment_192\" style=\"width: 265px\" class=\"wp-caption aligncenter\"><a href=\"http:\/\/blog.espol.edu.ec\/creativa\/files\/2010\/08\/volante-creatividad-version-3.jpg\"><img loading=\"lazy\" decoding=\"async\" aria-describedby=\"caption-attachment-192\" class=\"size-full wp-image-192\" title=\"Pase de Cortes\u00eda Jornadas de Creatividad\" src=\"http:\/\/blog.espol.edu.ec\/creativa\/files\/2010\/08\/volante-creatividad-version-3.jpg\" alt=\"Pase de Cortes\u00eda Jornadas de Creatividad\" width=\"255\" height=\"340\" srcset=\"https:\/\/blog.espol.edu.ec\/creativa\/files\/2010\/08\/volante-creatividad-version-3.jpg 255w, https:\/\/blog.espol.edu.ec\/creativa\/files\/2010\/08\/volante-creatividad-version-3-225x300.jpg 225w\" sizes=\"auto, (max-width: 255px) 100vw, 255px\" \/><\/a><p id=\"caption-attachment-192\" class=\"wp-caption-text\">Pase de Cortes\u00eda Jornadas de Creatividad<\/p><\/div>\n<p><strong>I JORNADAS INTERNACIONALES DE CREATIVIDAD<br \/>\n<\/strong><strong>ORGANIZA<\/strong>: Escuela de Dise\u00f1o y Comunicaci\u00f3n Visual - EDCOM, de la ESPOL<br \/>\n<strong>FECHA<\/strong>: Jueves, 12 de agosto de 2010<br \/>\n<strong>HORA<\/strong>: 08:00 a 18:00<br \/>\n<strong>LUGAR<\/strong>: ESPOL Campus Las Pe\u00f1as, Malec\u00f3n 100 y Loja<br \/>\n<strong>COSTO<\/strong>: GRATUITO<br \/>\n<strong>INSCRIPCIONES AL MAIL<\/strong>: <a href=\"mailto:creativa@espol.edu.ec\">creativa@espol.edu.ec<\/a><br \/>\n<strong>PONTE AL DIA EN FACEBOOK:<\/strong> <a href=\"http:\/\/www.facebook.com\/Gente.Creativa\">www.facebook.com\/Gente.Creativa<\/a><br \/>\n<strong>M\u00c1S INFORMACI\u00d3N EN EL WEB:<\/strong> <a href=\"http:\/\/www.blog.espol.edu.ec\/creativa\">www.blog.espol.edu.ec\/creativa<\/a><br \/>\n<strong><br \/>\nCOORDINA EL EVENTO: <\/strong>Lic. Jacqueline Mej\u00eda Luna, M.B.A., <a href=\"mailto:jmejia@espol.edu.ec\">jmejia@espol.edu.ec<\/a><br \/>\n<strong>TEL\u00c9FONOS<\/strong>: 04) 2530 565 - (04) 2530 377 - (04) 2530 372\u00a0\u00a0\u00a0\u00a0\u00a0\u00a0 MARCAR EXT. 286<\/p>\n<p><strong><\/strong><\/p>\n<form id=\"vozme_form_6ebf1752cbe47dbc75f7898b21bdf999\" method=\"post\" name=\"vozme_form_6ebf1752cbe47dbc75f7898b21bdf999\" target=\"6ebf1752cbe47dbc75f7898b21bdf999\" action=\"http:\/\/vozme.com\/text2voice.php\"><input name=\"text\" type=\"hidden\" value=\"Pases de Cortes\u00eda para las Jornadas de Creatividad. Las Jornadas de Creatividad est\u00e1n muy cerca, se realizar\u00e1n este 12 de agosto\nRetiren sus PASES DE CORTES\u00cdA, en la ESPOL, Campus Las Pe\u00f1as para que puedan asistir a las Jornadas. Pueden asistir a una \u00f3 a varias conferencias y si prefieren acompa\u00f1arnos todo el d\u00eda en esta marathon de conferencias una m\u00e1s interesante que la otras, NO FALTEN!!!.\n[caption id=&quot;attachment_192&quot; align=&quot;aligncenter&quot; width=&quot;255&quot; caption=&quot;Pase de Cortes\u00eda Jornadas de Creatividad&quot;][\/caption]\nI JORNADAS INTERNACIONALES DE CREATIVIDAD\nORGANIZA: Escuela de Dise\u00f1o y Comunicaci\u00f3n Visual - EDCOM, de la ESPOL\nFECHA: Jueves, 12 de agosto de 2010\nHORA: 08:00 a 18:00\nLUGAR: ESPOL Campus Las Pe\u00f1as, Malec\u00f3n 100 y Loja\nCOSTO: GRATUITO\nINSCRIPCIONES AL MAIL: creativa@espol.edu.ec\nPONTE AL DIA EN FACEBOOK: www.facebook.com\/Gente.Creativa\nM\u00c1S INFORMACI\u00d3N EN EL WEB: www.blog.espol.edu.ec\/creativa\n\nCOORDINA EL EVENTO: Lic. Jacqueline Mej\u00eda Luna, M.B.A., jmejia@espol.edu.ec\nTEL\u00c9FONOS: 04) 2530 565 - (04) 2530 377 - (04) 2530 372\u00a0\u00a0\u00a0\u00a0\u00a0\u00a0 MARCAR EXT. 286\n\n\" \/><input name=\"lang\" type=\"hidden\" value=\"en\" \/><input name=\"gn\" type=\"hidden\" value=\"ml\" \/><input type=\"hidden\" id=\"interface\" name=\"interface\" value=\"full\" \/>\n\t\t\t<div style=\"margin-left:40%;\">\n\t\t\t\n\t\t\t\t<input style=\"float:left;\" type=\"image\" width=\"40\" height=\"40\" src=\"http:\/\/blog.espol.edu.ec\/creativa\/wp-content\/plugins\/vozme\/img\/megaphone40x40w.gif\" alt=\"Hear this post\" onclick=\"window.open('', '6ebf1752cbe47dbc75f7898b21bdf999', 'width=600,height=370,scrollbars=yes,location=yes,menubar=yes,resizable=yes,status=yes,toolbar=yes');\">\n\t\t\t\t<div style=\"margin-left:48px; text-align:left;\"><a style=\"font-size:12px;\" href=\"javascript:void(0);\" onclick=\"window.open('', '6ebf1752cbe47dbc75f7898b21bdf999', 'width=600,height=370,scrollbars=yes,location=yes,menubar=yes,resizable=yes,status=yes,toolbar=yes'); document.getElementById('vozme_form_6ebf1752cbe47dbc75f7898b21bdf999').submit();\">Hear<br\/>this post<\/a><\/div>\n\t\t\t<\/div><\/form>","protected":false},"excerpt":{"rendered":"<p>Las Jornadas de Creatividad est\u00e1n muy cerca, se realizar\u00e1n este 12 de agosto Retiren sus PASES DE CORTES\u00cdA, en la ESPOL, Campus Las Pe\u00f1as para que puedan asistir a las Jornadas. Pueden asistir a una \u00f3 a varias conferencias y si prefieren acompa\u00f1arnos todo el d\u00eda en esta marathon de conferencias una m\u00e1s interesante que [&hellip;]<\/p>\n","protected":false},"author":5053,"featured_media":0,"comment_status":"open","ping_status":"open","sticky":false,"template":"","format":"standard","meta":{"footnotes":""},"categories":[1044,2219,1],"tags":[87374,8850,22423,22989],"class_list":["post-191","post","type-post","status-publish","format-standard","hentry","category-creatividad","category-innovacion","category-uncategorized","tag-creatividad","tag-diseno-grafico","tag-jornadas","tag-pase-de-cortesia"],"aioseo_notices":[],"_links":{"self":[{"href":"https:\/\/blog.espol.edu.ec\/creativa\/wp-json\/wp\/v2\/posts\/191","targetHints":{"allow":["GET"]}}],"collection":[{"href":"https:\/\/blog.espol.edu.ec\/creativa\/wp-json\/wp\/v2\/posts"}],"about":[{"href":"https:\/\/blog.espol.edu.ec\/creativa\/wp-json\/wp\/v2\/types\/post"}],"author":[{"embeddable":true,"href":"https:\/\/blog.espol.edu.ec\/creativa\/wp-json\/wp\/v2\/users\/5053"}],"replies":[{"embeddable":true,"href":"https:\/\/blog.espol.edu.ec\/creativa\/wp-json\/wp\/v2\/comments?post=191"}],"version-history":[{"count":1,"href":"https:\/\/blog.espol.edu.ec\/creativa\/wp-json\/wp\/v2\/posts\/191\/revisions"}],"predecessor-version":[{"id":193,"href":"https:\/\/blog.espol.edu.ec\/creativa\/wp-json\/wp\/v2\/posts\/191\/revisions\/193"}],"wp:attachment":[{"href":"https:\/\/blog.espol.edu.ec\/creativa\/wp-json\/wp\/v2\/media?parent=191"}],"wp:term":[{"taxonomy":"category","embeddable":true,"href":"https:\/\/blog.espol.edu.ec\/creativa\/wp-json\/wp\/v2\/categories?post=191"},{"taxonomy":"post_tag","embeddable":true,"href":"https:\/\/blog.espol.edu.ec\/creativa\/wp-json\/wp\/v2\/tags?post=191"}],"curies":[{"name":"wp","href":"https:\/\/api.w.org\/{rel}","templated":true}]}}