{"id":93,"date":"2010-08-02T22:28:35","date_gmt":"2010-08-02T22:28:35","guid":{"rendered":"http:\/\/blog.espol.edu.ec\/creativa\/?p=93"},"modified":"2010-08-02T22:28:35","modified_gmt":"2010-08-02T22:28:35","slug":"el-proceso-creativo-en-la-fotografia","status":"publish","type":"post","link":"https:\/\/blog.espol.edu.ec\/creativa\/2010\/08\/02\/el-proceso-creativo-en-la-fotografia\/","title":{"rendered":"El proceso creativo en la fotograf\u00eda"},"content":{"rendered":"<p>Hoy en d\u00eda en el medio de la fotograf\u00eda, se necesita mas que una simple foto para destacar, <strong>se necesita una \u201cimagen\u201d<\/strong>,  una imagen que evoque una respuesta emocional por parte del observador,  una imagen que nos hable individualmente, y que esto haga que nos  conectemos con ella a cualquier nivel emocional, tener la habilidad de  combinar una buena t\u00e9cnica fotogr\u00e1fica con procesos creativos, es lo que  separa a un buen fot\u00f3grafo de un \u201cgran fot\u00f3grafo\u201d.<\/p>\n<blockquote>\n<h2 style=\"text-align: center\">Buenos fot\u00f3grafos toman fotos, los grandes fot\u00f3grafos crean im\u00e1genes.<\/h2>\n<\/blockquote>\n<div id=\"attachment_94\" style=\"width: 306px\" class=\"wp-caption aligncenter\"><a href=\"http:\/\/blog.espol.edu.ec\/creativa\/files\/2010\/08\/cerebrocolores.jpg\"><img loading=\"lazy\" decoding=\"async\" aria-describedby=\"caption-attachment-94\" class=\"size-medium wp-image-94\" title=\"Jornadas de Creatividad\" src=\"http:\/\/blog.espol.edu.ec\/creativa\/files\/2010\/08\/cerebrocolores-296x300.jpg\" alt=\"\" width=\"296\" height=\"300\" srcset=\"https:\/\/blog.espol.edu.ec\/creativa\/files\/2010\/08\/cerebrocolores-296x300.jpg 296w, https:\/\/blog.espol.edu.ec\/creativa\/files\/2010\/08\/cerebrocolores.jpg 346w\" sizes=\"auto, (max-width: 296px) 100vw, 296px\" \/><\/a><p id=\"caption-attachment-94\" class=\"wp-caption-text\">Jornadas de Creatividad<\/p><\/div>\n<p>En este punto te podr\u00e1s estar haciendo la pregunta: <strong>que pasa si no soy lo suficientemente creativo?<\/strong> bueno, deja te platico que si bien la creatividad es un don que muchos  traen desde nacimiento, tambi\u00e9n es algo que se puede desarrollar con el  tiempo y sobre todo con la implementaci\u00f3n de algunos procesos internos  como la observaci\u00f3n, racionalizaci\u00f3n y la planeaci\u00f3n entre algunos  otros, y si amas la fotograf\u00eda ( arte visual ) quiere decir que de  alguna forma tienes esa capacidad, solo necesitas comenzar a desarrollar  tu parte creativa.<\/p>\n<p>Antes de continuar, creo que es importante definir <strong>que es creatividad ?<\/strong> y despu\u00e9s de a\u00f1os de estar involucrado estrechamente en el desarrollo  de procesos creativos, en lo personal puedo definir la creatividad de  una forma muy simple:<\/p>\n<blockquote>\n<h2 style=\"text-align: center\">Es un proceso que no intenta encontrar la punta de la madeja,<br \/>\nsino mas bien, buscar la forma de enredarla diferente.<\/h2>\n<\/blockquote>\n<p>Con esto quiero decir, que en la mayor\u00eda de los casos, la creatividad  no se trata de inventar cosas, sino de hacerlas diferentes, la  invenci\u00f3n es don reservado para muy pocos, la gran mayor\u00eda de nosotros  \u201cintentaremos\u201d conformarnos con tratar de transformar esa invenci\u00f3n en  algo diferente, trascendental, que imponga moda y que esta nos permita  diferenciarnos de los dem\u00e1s.<\/p>\n<p>En esta primera entrega referente a la creatividad, tambi\u00e9n quiero  dibujar el perfil de las personas creativas, para que busques dentro de  ti estas cualidades y si no las tienes comiences a desarrollarlas, no  sin antes agregar que la creatividad interviene en todo lo que hacemos,  nuestra forma de ser, de vestir, de relacionarnos con los dem\u00e1s, de  divertirnos de compartir etc.<\/p>\n<h2>Te consideras una persona creativa ?<\/h2>\n<p>El perfil de las personas creadoras, presenta cualidades propicias  para el aprendizaje efectivo: elevados valores est\u00e9ticos y te\u00f3ricos,  autonom\u00eda personal, preferencia por la complejidad, juicio  independiente, resistencia a las presiones de grupo, disposici\u00f3n hacia  el riesgo, tendencia a maximizar el cambio, b\u00fasqueda de situaciones  ambiguas, estilo progresista.<\/p>\n<p>Adem\u00e1s, buscan y aceptan el reconocimiento pero mantienen una  jerarqu\u00eda de motivaciones, de las cuales la fidelidad a s\u00ed mismo se  sobrepone a la estimaci\u00f3n social; son tolerantes al ruido informativo, a  la informaci\u00f3n empobrecida del medio ambiente y de la memoria.<\/p>\n<p>Los individuos creativos buscan producir nuevas ideas, ponen en  funcionamiento nuevas conexiones, proporcionan nuevas hip\u00f3tesis, van mas  all\u00e1 de los hechos para descubrir lo que simbolizan y representan,  generan nuevas formas de buscar informaci\u00f3n y ofrecen soluciones  alternativas y originales ya que piensan con mayor fluidez y  flexibilidad, reflexionan con mayor rapidez y poseen una sensibilidad  extrema; demuestran con peque\u00f1os detalles capacidad de juicio e  imaginaci\u00f3n, receptividad a los est\u00edmulos del medio, aprovechamiento de  los errores, fluidez mental; alto nivel de aspiraciones y exigencias,  buena imagen de s\u00ed mismos, empe\u00f1o y constancia en el trabajo.<\/p>\n<p><strong>Jornadas Internacionales de Creatividad<\/strong><\/p>\n<p><strong>ORGANIZA<\/strong>: Escuela de Dise\u00f1o y Comunicaci\u00f3n Visual, de la ESPOL<\/p>\n<p><strong>FECHA<\/strong>: Jueves, 12 de agosto de 2010<\/p>\n<p><strong>HORA<\/strong>: 08:00 a 18:00<\/p>\n<p><strong>LUGAR<\/strong>: Aula Magna de la Espol, Malec\u00f3n 100 y Loja, Campus Las Pe\u00f1as<\/p>\n<p><strong>COSTO<\/strong>: GRATUITO<\/p>\n<form id=\"vozme_form_53dc758e40058ac2e14d9a4a58651e1d\" method=\"post\" name=\"vozme_form_53dc758e40058ac2e14d9a4a58651e1d\" target=\"53dc758e40058ac2e14d9a4a58651e1d\" action=\"http:\/\/vozme.com\/text2voice.php\"><input name=\"text\" type=\"hidden\" value=\"El proceso creativo en la fotograf\u00eda. Hoy en d\u00eda en el medio de la fotograf\u00eda, se necesita mas que una simple foto para destacar, se necesita una \u201cimagen\u201d,  una imagen que evoque una respuesta emocional por parte del observador,  una imagen que nos hable individualmente, y que esto haga que nos  conectemos con ella a cualquier nivel emocional, tener la habilidad de  combinar una buena t\u00e9cnica fotogr\u00e1fica con procesos creativos, es lo que  separa a un buen fot\u00f3grafo de un \u201cgran fot\u00f3grafo\u201d.\n\nBuenos fot\u00f3grafos toman fotos, los grandes fot\u00f3grafos crean im\u00e1genes.\n\n[caption id=&quot;attachment_94&quot; align=&quot;aligncenter&quot; width=&quot;296&quot; caption=&quot;Jornadas de Creatividad&quot;][\/caption]\nEn este punto te podr\u00e1s estar haciendo la pregunta: que pasa si no soy lo suficientemente creativo? bueno, deja te platico que si bien la creatividad es un don que muchos  traen desde nacimiento, tambi\u00e9n es algo que se puede desarrollar con el  tiempo y sobre todo con la implementaci\u00f3n de algunos procesos internos  como la observaci\u00f3n, racionalizaci\u00f3n y la planeaci\u00f3n entre algunos  otros, y si amas la fotograf\u00eda ( arte visual ) quiere decir que de  alguna forma tienes esa capacidad, solo necesitas comenzar a desarrollar  tu parte creativa.\nAntes de continuar, creo que es importante definir que es creatividad ? y despu\u00e9s de a\u00f1os de estar involucrado estrechamente en el desarrollo  de procesos creativos, en lo personal puedo definir la creatividad de  una forma muy simple:\n\nEs un proceso que no intenta encontrar la punta de la madeja,\nsino mas bien, buscar la forma de enredarla diferente.\n\nCon esto quiero decir, que en la mayor\u00eda de los casos, la creatividad  no se trata de inventar cosas, sino de hacerlas diferentes, la  invenci\u00f3n es don reservado para muy pocos, la gran mayor\u00eda de nosotros  \u201cintentaremos\u201d conformarnos con tratar de transformar esa invenci\u00f3n en  algo diferente, trascendental, que imponga moda y que esta nos permita  diferenciarnos de los dem\u00e1s.\nEn esta primera entrega referente a la creatividad, tambi\u00e9n quiero  dibujar el perfil de las personas creativas, para que busques dentro de  ti estas cualidades y si no las tienes comiences a desarrollarlas, no  sin antes agregar que la creatividad interviene en todo lo que hacemos,  nuestra forma de ser, de vestir, de relacionarnos con los dem\u00e1s, de  divertirnos de compartir etc.\nTe consideras una persona creativa ?\nEl perfil de las personas creadoras, presenta cualidades propicias  para el aprendizaje efectivo: elevados valores est\u00e9ticos y te\u00f3ricos,  autonom\u00eda personal, preferencia por la complejidad, juicio  independiente, resistencia a las presiones de grupo, disposici\u00f3n hacia  el riesgo, tendencia a maximizar el cambio, b\u00fasqueda de situaciones  ambiguas, estilo progresista.\nAdem\u00e1s, buscan y aceptan el reconocimiento pero mantienen una  jerarqu\u00eda de motivaciones, de las cuales la fidelidad a s\u00ed mismo se  sobrepone a la estimaci\u00f3n social; son tolerantes al ruido informativo, a  la informaci\u00f3n empobrecida del medio ambiente y de la memoria.\nLos individuos creativos buscan producir nuevas ideas, ponen en  funcionamiento nuevas conexiones, proporcionan nuevas hip\u00f3tesis, van mas  all\u00e1 de los hechos para descubrir lo que simbolizan y representan,  generan nuevas formas de buscar informaci\u00f3n y ofrecen soluciones  alternativas y originales ya que piensan con mayor fluidez y  flexibilidad, reflexionan con mayor rapidez y poseen una sensibilidad  extrema; demuestran con peque\u00f1os detalles capacidad de juicio e  imaginaci\u00f3n, receptividad a los est\u00edmulos del medio, aprovechamiento de  los errores, fluidez mental; alto nivel de aspiraciones y exigencias,  buena imagen de s\u00ed mismos, empe\u00f1o y constancia en el trabajo.\nJornadas Internacionales de Creatividad\nORGANIZA: Escuela de Dise\u00f1o y Comunicaci\u00f3n Visual, de la ESPOL\nFECHA: Jueves, 12 de agosto de 2010\nHORA: 08:00 a 18:00\nLUGAR: Aula Magna de la Espol, Malec\u00f3n 100 y Loja, Campus Las Pe\u00f1as\nCOSTO: GRATUITO\n\" \/><input name=\"lang\" type=\"hidden\" value=\"en\" \/><input name=\"gn\" type=\"hidden\" value=\"ml\" \/><input type=\"hidden\" id=\"interface\" name=\"interface\" value=\"full\" \/>\n\t\t\t<div style=\"margin-left:40%;\">\n\t\t\t\n\t\t\t\t<input style=\"float:left;\" type=\"image\" width=\"40\" height=\"40\" src=\"http:\/\/blog.espol.edu.ec\/creativa\/wp-content\/plugins\/vozme\/img\/megaphone40x40w.gif\" alt=\"Hear this post\" onclick=\"window.open('', '53dc758e40058ac2e14d9a4a58651e1d', 'width=600,height=370,scrollbars=yes,location=yes,menubar=yes,resizable=yes,status=yes,toolbar=yes');\">\n\t\t\t\t<div style=\"margin-left:48px; text-align:left;\"><a style=\"font-size:12px;\" href=\"javascript:void(0);\" onclick=\"window.open('', '53dc758e40058ac2e14d9a4a58651e1d', 'width=600,height=370,scrollbars=yes,location=yes,menubar=yes,resizable=yes,status=yes,toolbar=yes'); document.getElementById('vozme_form_53dc758e40058ac2e14d9a4a58651e1d').submit();\">Hear<br\/>this post<\/a><\/div>\n\t\t\t<\/div><\/form>","protected":false},"excerpt":{"rendered":"<p>Hoy en d\u00eda en el medio de la fotograf\u00eda, se necesita mas que una simple foto para destacar, se necesita una \u201cimagen\u201d, una imagen que evoque una respuesta emocional por parte del observador, una imagen que nos hable individualmente, y que esto haga que nos conectemos con ella a cualquier nivel emocional, tener la habilidad [&hellip;]<\/p>\n","protected":false},"author":5053,"featured_media":0,"comment_status":"open","ping_status":"open","sticky":false,"template":"","format":"standard","meta":{"footnotes":""},"categories":[1],"tags":[],"class_list":["post-93","post","type-post","status-publish","format-standard","hentry","category-uncategorized"],"aioseo_notices":[],"_links":{"self":[{"href":"https:\/\/blog.espol.edu.ec\/creativa\/wp-json\/wp\/v2\/posts\/93","targetHints":{"allow":["GET"]}}],"collection":[{"href":"https:\/\/blog.espol.edu.ec\/creativa\/wp-json\/wp\/v2\/posts"}],"about":[{"href":"https:\/\/blog.espol.edu.ec\/creativa\/wp-json\/wp\/v2\/types\/post"}],"author":[{"embeddable":true,"href":"https:\/\/blog.espol.edu.ec\/creativa\/wp-json\/wp\/v2\/users\/5053"}],"replies":[{"embeddable":true,"href":"https:\/\/blog.espol.edu.ec\/creativa\/wp-json\/wp\/v2\/comments?post=93"}],"version-history":[{"count":1,"href":"https:\/\/blog.espol.edu.ec\/creativa\/wp-json\/wp\/v2\/posts\/93\/revisions"}],"predecessor-version":[{"id":95,"href":"https:\/\/blog.espol.edu.ec\/creativa\/wp-json\/wp\/v2\/posts\/93\/revisions\/95"}],"wp:attachment":[{"href":"https:\/\/blog.espol.edu.ec\/creativa\/wp-json\/wp\/v2\/media?parent=93"}],"wp:term":[{"taxonomy":"category","embeddable":true,"href":"https:\/\/blog.espol.edu.ec\/creativa\/wp-json\/wp\/v2\/categories?post=93"},{"taxonomy":"post_tag","embeddable":true,"href":"https:\/\/blog.espol.edu.ec\/creativa\/wp-json\/wp\/v2\/tags?post=93"}],"curies":[{"name":"wp","href":"https:\/\/api.w.org\/{rel}","templated":true}]}}