{"id":40,"date":"2010-11-14T07:03:00","date_gmt":"2010-11-14T07:03:00","guid":{"rendered":"http:\/\/blog.espol.edu.ec\/cristhiansuarez92\/?p=40"},"modified":"2010-11-15T04:47:20","modified_gmt":"2010-11-15T04:47:20","slug":"latin-grammy-2010","status":"publish","type":"post","link":"https:\/\/blog.espol.edu.ec\/cristhiansuarez92\/2010\/11\/14\/latin-grammy-2010\/","title":{"rendered":"Latin Grammy 2010"},"content":{"rendered":"<p style=\"text-align: justify\">A mi parecer\u00a0la edici\u00f3n n\u00famero 11 de los premios Grammy Latino fue todo un \u00e9xito.\u00a0<a href=\"http:\/\/blog.espol.edu.ec\/cristhiansuarez92\/files\/2010\/11\/camila-9910-4003001.jpg\"><img loading=\"lazy\" decoding=\"async\" class=\"alignright size-thumbnail wp-image-41\" title=\"camila-9910-400300[1]\" src=\"http:\/\/blog.espol.edu.ec\/cristhiansuarez92\/files\/2010\/11\/camila-9910-4003001-150x150.jpg\" alt=\"\" width=\"133\" height=\"121\" \/><\/a><\/p>\n<p style=\"text-align: justify\">Grandes actores, cantantes y modelos fueron part\u00edcipes de la ceremonia n\u00famero 11 de los premios que se realizaron en <strong>Las Vegas<\/strong>.<\/p>\n<p style=\"text-align: justify\">La cantante Lucero estuvo a cargo de la animaci\u00f3n y el humorista Eugenio Derbez, se caracteriz\u00f3 por hacer re\u00edr al p\u00fablico durante el programa.<\/p>\n<p style=\"text-align: justify\">El grupo mexicano Camila se llev\u00f3 tres gram\u00f3fonos: \u201cCanci\u00f3n del A\u00f1o\u201d y \u201cGrabaci\u00f3n del a\u00f1o\u201d por Mientes y \u201cMejor \u00c1lbum vocal de un d\u00fao o grupo\u201d por\u00a0Dejarte de amar\u201d.<\/p>\n<p style=\"text-align: justify\">El dominicano Juan Luis Guerra se llev\u00f3 los premios m\u00e1s importantes de la noche: \u201c\u00c1lbum del a\u00f1o\u201d con A son de guerra, \u201cMejor \u00c1lbum Tropical Contempor\u00e1neo\u201d por el mismo disco y \u201cMejor Canci\u00f3n Tropical\u201d por Bachata en Fukuoka.<\/p>\n<p style=\"text-align: justify\">El espa\u00f1ol Alejandro Sanz, fue\u00a0nominado a cuatro premios, donde obtuvo el de \u201cMejor \u00c1lbum vocal pop masculino\u201d por Para\u00edso Express.<\/p>\n<p style=\"text-align: justify\">Marc Anthony interpret\u00f3 \u201cY c\u00f3mo es \u00e9l\u201d, \u00a0junto con el compositor del famoso tema de los a\u00f1os 80, Jos\u00e9 Luis Perales. La esposa del boricua llor\u00f3 durante la presentaci\u00f3n de emoci\u00f3n.<a href=\"http:\/\/blog.espol.edu.ec\/cristhiansuarez92\/files\/2010\/11\/5546231.jpg\"><img loading=\"lazy\" decoding=\"async\" class=\"alignright size-thumbnail wp-image-44\" title=\"554623[1]\" src=\"http:\/\/blog.espol.edu.ec\/cristhiansuarez92\/files\/2010\/11\/5546231-150x150.jpg\" alt=\"\" width=\"124\" height=\"120\" \/><\/a><\/p>\n<p style=\"text-align: justify\">Ricky Martin interpret\u00f3 junto a la espa\u00f1ola Natalia Jim\u00e9nez su m\u00e1s reciente sencillo:\u00a0Lo mejor de mi vida eres t\u00fa.<\/p>\n<p style=\"text-align: justify\">El mexicano Pedro Fern\u00e1ndez cant\u00f3 dos temas en la ceremonia latina celebrada en Las Vegas, y fue premiado como \u201cMejor Canci\u00f3n Regional Mexicana\u201d.\u00a0<\/p>\n<p style=\"text-align: justify\">El puertorrique\u00f1o Gilberto Santa Rosa, tambi\u00e9n se llev\u00f3 un gram\u00f3fono en la categor\u00eda de \u201cMejor \u00e1lbum de salsa\u201d por\u00a0su tema Irrepetible.<\/p>\n<p style=\"text-align: justify\">Enrique Iglesias, cant\u00f3 con el d\u00fao Wisin y Yandel, deleitaron al p\u00fablico con los temas Ya no me digas que no\u00a0y\u00a0I Like It, acompa\u00f1ados de una gran orquesta de m\u00fasicos.<\/p>\n<p style=\"text-align: justify\">Realmente la Presentaci\u00f3n del grupo Camila fue excelente, aqui les dejo un video... espero que les agrade....\u00a0<\/p>\n<p style=\"text-align: justify\">\u00a0<\/p>\n<p style=\"text-align: center\"><object classid=\"clsid:d27cdb6e-ae6d-11cf-96b8-444553540000\" width=\"480\" height=\"385\"><param name=\"allowFullScreen\" value=\"true\" \/><param name=\"allowscriptaccess\" value=\"always\" \/><param name=\"src\" value=\"http:\/\/www.youtube.com\/v\/tG643e1CQww?fs=1&amp;hl=en_US\" \/><param name=\"allowfullscreen\" value=\"true\" \/><embed type=\"application\/x-shockwave-flash\" width=\"480\" height=\"385\" src=\"http:\/\/www.youtube.com\/v\/tG643e1CQww?fs=1&amp;hl=en_US\" allowfullscreen=\"true\" allowscriptaccess=\"always\"><\/embed><\/object><\/p>\n","protected":false},"excerpt":{"rendered":"<p>A mi parecer\u00a0la edici\u00f3n n\u00famero 11 de los premios Grammy Latino fue todo un \u00e9xito.\u00a0 Grandes actores, cantantes y modelos fueron part\u00edcipes de la ceremonia n\u00famero 11 de los premios que se realizaron en Las Vegas. La cantante Lucero estuvo a cargo de la animaci\u00f3n y el humorista Eugenio Derbez, se caracteriz\u00f3 por hacer re\u00edr [&hellip;]<\/p>\n","protected":false},"author":5430,"featured_media":0,"comment_status":"open","ping_status":"open","sticky":false,"template":"","format":"standard","meta":{"footnotes":""},"categories":[140,1],"tags":[25976,25975,25974],"class_list":["post-40","post","type-post","status-publish","format-standard","hentry","category-musica","category-uncategorized","tag-edicion-11-de-los-grammy-latino","tag-grammy-latino-2010","tag-latin-grammy-2010"],"_links":{"self":[{"href":"https:\/\/blog.espol.edu.ec\/cristhiansuarez92\/wp-json\/wp\/v2\/posts\/40","targetHints":{"allow":["GET"]}}],"collection":[{"href":"https:\/\/blog.espol.edu.ec\/cristhiansuarez92\/wp-json\/wp\/v2\/posts"}],"about":[{"href":"https:\/\/blog.espol.edu.ec\/cristhiansuarez92\/wp-json\/wp\/v2\/types\/post"}],"author":[{"embeddable":true,"href":"https:\/\/blog.espol.edu.ec\/cristhiansuarez92\/wp-json\/wp\/v2\/users\/5430"}],"replies":[{"embeddable":true,"href":"https:\/\/blog.espol.edu.ec\/cristhiansuarez92\/wp-json\/wp\/v2\/comments?post=40"}],"version-history":[{"count":5,"href":"https:\/\/blog.espol.edu.ec\/cristhiansuarez92\/wp-json\/wp\/v2\/posts\/40\/revisions"}],"predecessor-version":[{"id":46,"href":"https:\/\/blog.espol.edu.ec\/cristhiansuarez92\/wp-json\/wp\/v2\/posts\/40\/revisions\/46"}],"wp:attachment":[{"href":"https:\/\/blog.espol.edu.ec\/cristhiansuarez92\/wp-json\/wp\/v2\/media?parent=40"}],"wp:term":[{"taxonomy":"category","embeddable":true,"href":"https:\/\/blog.espol.edu.ec\/cristhiansuarez92\/wp-json\/wp\/v2\/categories?post=40"},{"taxonomy":"post_tag","embeddable":true,"href":"https:\/\/blog.espol.edu.ec\/cristhiansuarez92\/wp-json\/wp\/v2\/tags?post=40"}],"curies":[{"name":"wp","href":"https:\/\/api.w.org\/{rel}","templated":true}]}}