{"id":187,"date":"2009-08-24T13:05:52","date_gmt":"2009-08-24T17:05:52","guid":{"rendered":"http:\/\/blog.espol.edu.ec\/cristy\/?p=187"},"modified":"2009-08-24T13:05:52","modified_gmt":"2009-08-24T17:05:52","slug":"futbol-ecuatoriano","status":"publish","type":"post","link":"https:\/\/blog.espol.edu.ec\/cristy\/2009\/08\/24\/futbol-ecuatoriano\/","title":{"rendered":"F\u00fatbol ecuatoriano"},"content":{"rendered":"<h1 style=\"text-align: center\"><em>Liga de Quito y Manta lideran el <\/em><\/h1>\n<h1 style=\"text-align: center\"><em>f\u00fatbol ecuatoriano<\/em><\/h1>\n<p>23 agosto 2009 06:32 PM<\/p>\n<div class=\"bd clearfix\"><!-- Recommend Module --><\/p>\n<div id=\"recommendcomment\" class=\"recommendcomment\">\n<div class=\"recommendation\"><span><strong><\/strong><\/span><\/div>\n<\/div>\n<p><!-- \/Recommend Module -->\u00a0<\/p>\n<p>QUITO (AP) - Liga de Quito y Manta son punteros de sus respectivos grupos en el campeonato ecuatoriano de f\u00fatbol, al t\u00e9rmino de la sexta fecha de la segunda etapa.<\/p>\n<p>Liga de Quito dobleg\u00f3 2-0 a Liga de Portoviejo y acumul\u00f3 12 unidades que lo ubican al tope del Grupo 1.<\/p>\n<p>El Nacional empat\u00f3 1-1 con Barcelona en el partido que cerr\u00f3 la fecha.<\/p>\n<p>Macar\u00e1 y Deportivo Cuenca empataron 0-0.<\/p>\n<p>Manta encabeza el Grupo 2 tras derrotar 2-0 a Deportivo Quito y acumular 12 puntos.<\/p>\n<p>Emelec sucumbi\u00f3 2-0 ante Espoli, mientras Olmedo empat\u00f3 0-0 ante T\u00e9cnico Universitario.<\/p>\n<p>___<\/p>\n<p>Resultados<\/p>\n<p>6ta fecha<\/p>\n<p>Liga de Quito 2, Liga de Portoviejo 0<\/p>\n<p>Barcelona 1, El Nacional 1<\/p>\n<p>Macar\u00e1 0, Deportivo Cuenca 0<\/p>\n<p>Espoli 2, Emelec 0<\/p>\n<p>Manta 2, Deportivo Quito 0<\/p>\n<p>Olmedo 0, T\u00e9cnico Universitario 0<\/p>\n<p>Posiciones:<\/p>\n<p>Grupo 1: Liga de Quito 12; El Nacional 10; Deportivo Cuenca 9; Macar\u00e1, Liga de Portoviejo 7; Barcelona 6.<\/p>\n<p>Grupo2: Manta 12; Deportivo Quito 10; Emelec 8; Olmedo, Espoli 6; T\u00e9cnico Universitario 4.<\/p>\n<p>Pr\u00f3xima fecha: El Nacional-Barcelona, Liga de Portoviejo-Liga de Quito, Deportivo Cuenca-Macar\u00e1, Deportivo Quito-Manta, Emelec-Espoli, T\u00e9cnico Universitario-Olmedo.<\/p>\n<p>Fuente: <a href=\"http:\/\/espanol.sports.yahoo.com\/noticias\/deportes-liga-quito-manta-lideran-futbol-24082009-8.html\">http:\/\/espanol.sports.yahoo.com\/noticias\/deportes-liga-quito-manta-lideran-futbol-24082009-8.html<\/a><\/p>\n<p>\u00a0<\/p><\/div>\n","protected":false},"excerpt":{"rendered":"<p>Liga de Quito y Manta lideran el f\u00fatbol ecuatoriano 23 agosto 2009 06:32 PM \u00a0 QUITO (AP) - Liga de Quito y Manta son punteros de sus respectivos grupos en el campeonato ecuatoriano de f\u00fatbol, al t\u00e9rmino de la sexta fecha de la segunda etapa. Liga de Quito dobleg\u00f3 2-0 a Liga de Portoviejo y [&hellip;]<\/p>\n","protected":false},"author":1576,"featured_media":0,"comment_status":"open","ping_status":"open","sticky":false,"template":"","format":"standard","meta":{"footnotes":""},"categories":[7736],"tags":[1257,10053],"class_list":["post-187","post","type-post","status-publish","format-standard","hentry","category-preferencias","tag-actualidad","tag-espol"],"_links":{"self":[{"href":"https:\/\/blog.espol.edu.ec\/cristy\/wp-json\/wp\/v2\/posts\/187","targetHints":{"allow":["GET"]}}],"collection":[{"href":"https:\/\/blog.espol.edu.ec\/cristy\/wp-json\/wp\/v2\/posts"}],"about":[{"href":"https:\/\/blog.espol.edu.ec\/cristy\/wp-json\/wp\/v2\/types\/post"}],"author":[{"embeddable":true,"href":"https:\/\/blog.espol.edu.ec\/cristy\/wp-json\/wp\/v2\/users\/1576"}],"replies":[{"embeddable":true,"href":"https:\/\/blog.espol.edu.ec\/cristy\/wp-json\/wp\/v2\/comments?post=187"}],"version-history":[{"count":3,"href":"https:\/\/blog.espol.edu.ec\/cristy\/wp-json\/wp\/v2\/posts\/187\/revisions"}],"predecessor-version":[{"id":190,"href":"https:\/\/blog.espol.edu.ec\/cristy\/wp-json\/wp\/v2\/posts\/187\/revisions\/190"}],"wp:attachment":[{"href":"https:\/\/blog.espol.edu.ec\/cristy\/wp-json\/wp\/v2\/media?parent=187"}],"wp:term":[{"taxonomy":"category","embeddable":true,"href":"https:\/\/blog.espol.edu.ec\/cristy\/wp-json\/wp\/v2\/categories?post=187"},{"taxonomy":"post_tag","embeddable":true,"href":"https:\/\/blog.espol.edu.ec\/cristy\/wp-json\/wp\/v2\/tags?post=187"}],"curies":[{"name":"wp","href":"https:\/\/api.w.org\/{rel}","templated":true}]}}