{"id":22,"date":"2012-11-03T18:02:29","date_gmt":"2012-11-03T18:02:29","guid":{"rendered":"http:\/\/blog.espol.edu.ec\/crvillac\/?p=22"},"modified":"2012-11-03T18:14:28","modified_gmt":"2012-11-03T18:14:28","slug":"etimologia","status":"publish","type":"post","link":"https:\/\/blog.espol.edu.ec\/crvillac\/2012\/11\/03\/etimologia\/","title":{"rendered":"AMBATO"},"content":{"rendered":"<p style=\"text-align: justify\"><span style=\"color: #ffffff\">San Juan Bautista de Ambato, es una <a title=\"Ciudad\" href=\"http:\/\/es.wikipedia.org\/wiki\/Ciudad\"><span style=\"color: #ffffff\">ciudad<\/span><\/a> <a title=\"Ecuador\" href=\"http:\/\/es.wikipedia.org\/wiki\/Ecuador\"><span style=\"color: #ffffff\">ecuatoriana<\/span><\/a>, capital de la <a title=\"Provincia de Tungurahua\" href=\"http:\/\/es.wikipedia.org\/wiki\/Provincia_de_Tungurahua\"><span style=\"color: #ffffff\">Provincia de Tungurahua<\/span><\/a>. Es tambi\u00e9n conocida como \"Cuna de los Tres Juanes\", \"Tierrita Linda\", \"F\u00e9nix del Ecuador\", \"Ciudad Consmopolita\", \"Tierra Ternura\", \"Jard\u00edn del Ecuador\" y \"Ciudad de las Flores, Frutas y el Pan\".<\/span><\/p>\n<p style=\"text-align: justify\"><span style=\"color: #ffffff\">Seg\u00fan datos oficiales del INEC, censo del 28 de noviembre de 2010, la poblaci\u00f3n es de 329 856 habitantes. Su clima es templado seco, se encuentra a 2500 metros sobre el nivel del mar, su temperatura media es de 20\u00b0C. Esta asentada en la rivera del r\u00edo hom\u00f3nimo. En Ambato se concentra el mayor movimiento comercial del centro del pa\u00eds, por tanto genera grandes creditos para la regi\u00f3n y para el pa\u00eds.<\/span><\/p>\n<p style=\"text-align: justify\"><span style=\"color: #ffffff\">La ciudad fue destruida varias veces por <a title=\"Terremoto\" href=\"http:\/\/es.wikipedia.org\/wiki\/Terremoto\"><span style=\"color: #ffffff\">terremotos<\/span><\/a> y <a title=\"Volc\u00e1n\" href=\"http:\/\/es.wikipedia.org\/wiki\/Volc%C3%A1n\"><span style=\"color: #ffffff\">erupciones volc\u00e1nicas<\/span><\/a>. El \u00faltimo de estos eventos se dio el <a title=\"5 de agosto\" href=\"http:\/\/es.wikipedia.org\/wiki\/5_de_agosto\"><span style=\"color: #ffffff\">5 de agosto<\/span><\/a> de <a title=\"1949\" href=\"http:\/\/es.wikipedia.org\/wiki\/1949\"><span style=\"color: #ffffff\">1949<\/span><\/a>: un terremoto con epicentro en la ciudad de <a title=\"Pelileo\" href=\"http:\/\/es.wikipedia.org\/wiki\/Pelileo\"><span style=\"color: #ffffff\">Pelileo<\/span><\/a>, en el sector conocido como Chacauco, afect\u00f3 a Ambato en casi su totalidad. Gracias a la tenacidad de sus habitantes, logr\u00f3 levantarse nuevamente en menos de dos a\u00f1os. En honor a esta lucha, se celebra cada a\u00f1o la Fiesta de las Fruta y de las Flores, en los d\u00edas de <a title=\"Carnaval\" href=\"http:\/\/es.wikipedia.org\/wiki\/Carnaval\"><span style=\"color: #ffffff\">Carnaval<\/span><\/a>. Cabe resaltar que esta fiesta es totalmente ajena a la celebraci\u00f3n de Carnaval, la F.F.F ha trascendido fronteras y es hoy por hoy una de las fiestas m\u00e1s importantes del Ecuador.<\/span><\/p>\n<p style=\"text-align: justify\"><span style=\"color: #ffffff\">Pertenece a la Regi\u00f3n o Zona 3 conformada por las provincias de Tungurahua, Chimborazo, Cotopaxi, Pastaza. Cuya sede Administrativa o Capital de la Regi\u00f3n es Ambato.<\/span><\/p>\n","protected":false},"excerpt":{"rendered":"<p>San Juan Bautista de Ambato, es una ciudad ecuatoriana, capital de la Provincia de Tungurahua. Es tambi\u00e9n conocida como \"Cuna de los Tres Juanes\", \"Tierrita Linda\", \"F\u00e9nix del Ecuador\", \"Ciudad Consmopolita\", \"Tierra Ternura\", \"Jard\u00edn del Ecuador\" y \"Ciudad de las Flores, Frutas y el Pan\". Seg\u00fan datos oficiales del INEC, censo del 28 de noviembre [&hellip;]<\/p>\n","protected":false},"author":8197,"featured_media":0,"comment_status":"open","ping_status":"open","sticky":false,"template":"","format":"standard","meta":{"footnotes":""},"categories":[818],"tags":[],"class_list":["post-22","post","type-post","status-publish","format-standard","hentry","category-sin-categoria"],"_links":{"self":[{"href":"https:\/\/blog.espol.edu.ec\/crvillac\/wp-json\/wp\/v2\/posts\/22","targetHints":{"allow":["GET"]}}],"collection":[{"href":"https:\/\/blog.espol.edu.ec\/crvillac\/wp-json\/wp\/v2\/posts"}],"about":[{"href":"https:\/\/blog.espol.edu.ec\/crvillac\/wp-json\/wp\/v2\/types\/post"}],"author":[{"embeddable":true,"href":"https:\/\/blog.espol.edu.ec\/crvillac\/wp-json\/wp\/v2\/users\/8197"}],"replies":[{"embeddable":true,"href":"https:\/\/blog.espol.edu.ec\/crvillac\/wp-json\/wp\/v2\/comments?post=22"}],"version-history":[{"count":3,"href":"https:\/\/blog.espol.edu.ec\/crvillac\/wp-json\/wp\/v2\/posts\/22\/revisions"}],"predecessor-version":[{"id":30,"href":"https:\/\/blog.espol.edu.ec\/crvillac\/wp-json\/wp\/v2\/posts\/22\/revisions\/30"}],"wp:attachment":[{"href":"https:\/\/blog.espol.edu.ec\/crvillac\/wp-json\/wp\/v2\/media?parent=22"}],"wp:term":[{"taxonomy":"category","embeddable":true,"href":"https:\/\/blog.espol.edu.ec\/crvillac\/wp-json\/wp\/v2\/categories?post=22"},{"taxonomy":"post_tag","embeddable":true,"href":"https:\/\/blog.espol.edu.ec\/crvillac\/wp-json\/wp\/v2\/tags?post=22"}],"curies":[{"name":"wp","href":"https:\/\/api.w.org\/{rel}","templated":true}]}}