{"id":42,"date":"2016-11-11T00:18:44","date_gmt":"2016-11-11T00:18:44","guid":{"rendered":"http:\/\/blog.espol.edu.ec\/curiosidadesdeinvestigacion\/?p=42"},"modified":"2016-11-11T00:18:44","modified_gmt":"2016-11-11T00:18:44","slug":"la-luz-azul-puede-danar-a-tus-ojos","status":"publish","type":"post","link":"https:\/\/blog.espol.edu.ec\/curiosidadesdeinvestigacion\/la-luz-azul-puede-danar-a-tus-ojos\/","title":{"rendered":"La luz azul puede da\u00f1ar a tus ojos"},"content":{"rendered":"<p style=\"text-align: justify\">En el a\u00f1o mil ochocientos setenta y ocho Joseph Wilson Swan ide\u00f3 la l\u00e1mpara incandescente que, poco tiempo despu\u00e9s (en mil ochocientos ochenta), \u201cevolucion\u00f3\u201d a cargo de Thomas Alva Edison cara un modelo de manera comercial m\u00e1s viable: la l\u00e1mpara incandescente de filamento de carbono, que todos conocemos.<br \/>\n<img loading=\"lazy\" decoding=\"async\" class=\"size-full wp-image-43 aligncenter\" src=\"http:\/\/blog.espol.edu.ec\/curiosidadesdeinvestigacion\/files\/2016\/11\/gafas-de-vista-2.jpg\" alt=\"gafas-de-vista-2\" width=\"350\" height=\"318\" srcset=\"https:\/\/blog.espol.edu.ec\/curiosidadesdeinvestigacion\/files\/2016\/11\/gafas-de-vista-2.jpg 350w, https:\/\/blog.espol.edu.ec\/curiosidadesdeinvestigacion\/files\/2016\/11\/gafas-de-vista-2-300x273.jpg 300w, https:\/\/blog.espol.edu.ec\/curiosidadesdeinvestigacion\/files\/2016\/11\/gafas-de-vista-2-330x300.jpg 330w\" sizes=\"auto, (max-width: 350px) 100vw, 350px\" \/><\/p>\n<p style=\"text-align: justify\">El reciente descubrimiento de los led, nuevas fuentes de luz artificial m\u00e1s eficaces y sustentables, ha ido postergando el invento de Edison a un segundo plano en los \u00faltimos tiempos. En el mes de septiembre de dos mil doce se dejaron de fabricar las l\u00e1mparas de menos de sesenta vatios y, el 1 de septiembre de dos mil dieciseis, el resto de l\u00e1mparas incandescentes dejaron de generarse en la UE. La l\u00e1mpara todav\u00eda va a tardar tiempo en apagarse absolutamente, en tanto que los stocks existentes proseguir\u00e1n vendi\u00e9ndose en tiendas. Los tradicionales fluorescentes asimismo van a dejar de fabricarse en escaso tiempo.<\/p>\n<p>Conforme la Comisi\u00f3n Europea, este cambio energ\u00e9tico de la iluminaci\u00f3n va a suponer en el a\u00f1o dos mil veinte un ahorro de electricidad af\u00edn al consumo anual de once millones de hogares, y reducir\u00e1 el recibo de la luz un quince por ciento de media.<\/p>\n<h2 style=\"text-align: justify\">Las luces led y los ojos<\/h2>\n<p style=\"text-align: justify\">\nComo hemos visto, las luces led presentan incontables ventajas en concepto de ahorro energ\u00e9tico. No obstante, no todo son buenas noticias: estas \u201cnuevas\u201d fuentes de iluminaci\u00f3n, emiten una proporci\u00f3n considerablemente mayor de luz azul-violeta (la m\u00e1s perjudicial para los ojos), que las l\u00e1mparas. Por otra parte, los cambios en el modo de vida favorecen que pasemos m\u00e1s tiempo en interiores; expuestos a lo largo de m\u00e1s horas a estas nuevas fuentes de luz artificial. Adem\u00e1s de esto, con cierta frecuencia, estamos sometidos a m\u00faltiples fuentes de luz al tiempo y desde muy temprana edad. Esta tendencia va a ir incrementando, puesto que se calcula que en el dos mil veinte la luz led va a suponer el setenta por ciento de todas y cada una de las fuentes de iluminaci\u00f3n.<\/p>\n<p>Las pantallas de los dispositivos electr\u00f3nicos, frecuentes en la vida rutinaria, asimismo desprenden esta luz azul perjudicial. A pesar de que lo aconsejable es no exponerse a esta luz m\u00e1s de 3 horas al d\u00eda, para eludir el S\u00edndrome Visual Inform\u00e1tico, se calcula que la mayor parte de la poblaci\u00f3n pasa unas siete horas al d\u00eda delante de una pantalla.<\/p>\n<p>El incremento de la esperanza de vida y la creciente exposici\u00f3n de los ojos a estas fuentes de energ\u00eda, favorecer\u00e1 la aparici\u00f3n de nosolog\u00edas visuales a medio plazo: la prevalencia de cataratas y degeneraci\u00f3n macular asociada a la edad (DMAE) se va a multiplicar por dos en los pr\u00f3ximos treinta a\u00f1os.<\/p>\n<h3 style=\"text-align: justify\">Sobre la luz azul<\/h3>\n<p style=\"text-align: justify\"><img loading=\"lazy\" decoding=\"async\" class=\"size-full wp-image-44 aligncenter\" src=\"http:\/\/blog.espol.edu.ec\/curiosidadesdeinvestigacion\/files\/2016\/11\/gafas-de-vista.jpg\" alt=\"gafas-de-vista\" width=\"450\" height=\"288\" srcset=\"https:\/\/blog.espol.edu.ec\/curiosidadesdeinvestigacion\/files\/2016\/11\/gafas-de-vista.jpg 450w, https:\/\/blog.espol.edu.ec\/curiosidadesdeinvestigacion\/files\/2016\/11\/gafas-de-vista-300x192.jpg 300w\" sizes=\"auto, (max-width: 450px) 100vw, 450px\" \/><\/p>\n<p style=\"text-align: justify\">\nEl espectro que el ojo humano puede percibir se conoce como fantasma de luz perceptible. Procede de fuentes naturales, como el sol, y de fuentes artificiales como las luces led o bien las pantallas. M\u00e1s o menos el veinticinco por ciento del fantasma de luz perceptible est\u00e1 compuesto por luz azul que, por su parte, se divide en luz azul-violeta y luz azul-turquesa.<\/p>\n<p>La luz azul- violeta tiene una longitud de onda cort\u00edsima y, de ah\u00ed que, se la conoce como luz perceptible de alta energ\u00eda. La exposici\u00f3n continuada y masiva a este g\u00e9nero de luz favorece la aparici\u00f3n de fatiga y agobio visual y aumenta el peligro de DMAE, una de las primordiales causas de ceguera a nivel del mundo. La incidencia de la luz azul-violeta sobre la parte central de la retina, llamada mancha, acelera la muerte de las c\u00e9lulas fotosensibles, conos y bastones, encargadas de mandar al cerebro la informaci\u00f3n visual.<\/p>\n<p style=\"text-align: justify\">La luz azul-turquesa, por su lado, presenta esenciales beneficios para la salud: regula el reloj biol\u00f3gico encargado de establecer los ciclos de sue\u00f1o\/vigilia, previniendo de esta manera la aparici\u00f3n de cansancio cr\u00f3nico, desorientaci\u00f3n, perturbaciones de humor, etc\u00e9tera La luz azul-turquesa asimismo participa en los procesos cognitivos y de memoria y en la contracci\u00f3n pupilar. Esta luz azul \u201cbuena\u201d contribuye adem\u00e1s de esto a la adecuada percepci\u00f3n de los colores.<\/p>\n<p style=\"text-align: justify\">En Tri\u00d3pticaOnline contamos con <a href=\"https:\/\/www.triopticaonline.com\/comprar\/gafas-de-vista\/\" target=\"_blank\">gafas de vista baratas<\/a> y tratamientos concretos para resguardar tus ojos en la era led \u00a1Pregunta a tu \u00f3ptico por Eyezen, Crizal, Crizal Prevencia y la nueva lente Eye Protect System. Podr\u00e1s elegir multitud de marcas como Rayban, Oakley y Prada y con env\u00edos en 24 horas. Olv\u00eddate\u00a0de tus gafas mo y c\u00f3mprate unas gafas graduadas de calidad.<\/p>\n","protected":false},"excerpt":{"rendered":"<p>En el a\u00f1o mil ochocientos setenta y ocho Joseph Wilson Swan ide\u00f3 la l\u00e1mpara incandescente que, poco tiempo despu\u00e9s (en mil ochocientos ochenta), \u201cevolucion\u00f3\u201d a cargo de Thomas Alva Edison cara un modelo de manera comercial m\u00e1s viable: la l\u00e1mpara &hellip; <a href=\"https:\/\/blog.espol.edu.ec\/curiosidadesdeinvestigacion\/la-luz-azul-puede-danar-a-tus-ojos\/\">Sigue leyendo <span class=\"meta-nav\">&rarr;<\/span><\/a><\/p>\n","protected":false},"author":10523,"featured_media":0,"comment_status":"open","ping_status":"open","sticky":false,"template":"","format":"standard","meta":{"footnotes":""},"categories":[818],"tags":[],"class_list":["post-42","post","type-post","status-publish","format-standard","hentry","category-sin-categoria"],"aioseo_notices":[],"_links":{"self":[{"href":"https:\/\/blog.espol.edu.ec\/curiosidadesdeinvestigacion\/wp-json\/wp\/v2\/posts\/42","targetHints":{"allow":["GET"]}}],"collection":[{"href":"https:\/\/blog.espol.edu.ec\/curiosidadesdeinvestigacion\/wp-json\/wp\/v2\/posts"}],"about":[{"href":"https:\/\/blog.espol.edu.ec\/curiosidadesdeinvestigacion\/wp-json\/wp\/v2\/types\/post"}],"author":[{"embeddable":true,"href":"https:\/\/blog.espol.edu.ec\/curiosidadesdeinvestigacion\/wp-json\/wp\/v2\/users\/10523"}],"replies":[{"embeddable":true,"href":"https:\/\/blog.espol.edu.ec\/curiosidadesdeinvestigacion\/wp-json\/wp\/v2\/comments?post=42"}],"version-history":[{"count":1,"href":"https:\/\/blog.espol.edu.ec\/curiosidadesdeinvestigacion\/wp-json\/wp\/v2\/posts\/42\/revisions"}],"predecessor-version":[{"id":45,"href":"https:\/\/blog.espol.edu.ec\/curiosidadesdeinvestigacion\/wp-json\/wp\/v2\/posts\/42\/revisions\/45"}],"wp:attachment":[{"href":"https:\/\/blog.espol.edu.ec\/curiosidadesdeinvestigacion\/wp-json\/wp\/v2\/media?parent=42"}],"wp:term":[{"taxonomy":"category","embeddable":true,"href":"https:\/\/blog.espol.edu.ec\/curiosidadesdeinvestigacion\/wp-json\/wp\/v2\/categories?post=42"},{"taxonomy":"post_tag","embeddable":true,"href":"https:\/\/blog.espol.edu.ec\/curiosidadesdeinvestigacion\/wp-json\/wp\/v2\/tags?post=42"}],"curies":[{"name":"wp","href":"https:\/\/api.w.org\/{rel}","templated":true}]}}