{"id":108,"date":"2011-07-12T07:49:24","date_gmt":"2011-07-12T07:49:24","guid":{"rendered":"http:\/\/blog.espol.edu.ec\/cvaccaro\/?p=108"},"modified":"2011-07-12T08:05:21","modified_gmt":"2011-07-12T08:05:21","slug":"club-sport-emelec","status":"publish","type":"post","link":"https:\/\/blog.espol.edu.ec\/cvaccaro\/2011\/07\/12\/club-sport-emelec\/","title":{"rendered":"Club Sport Emelec"},"content":{"rendered":"<p><img decoding=\"async\" src=\"http:\/\/t3.gstatic.com\/images?q=tbn:ANd9GcQyLBZcetp_Uhd3EIav5t8U_rU8fY8QD9z-eeQ-0G0ussgX3oDFWA\" alt=\"\" \/><\/p>\n<p><img loading=\"lazy\" decoding=\"async\" class=\"alignnone\" title=\"jugadores emelec\" src=\"http:\/\/www.futbolecuador.com\/imagenes\/teams\/team_pic\/966018c0926c580df0e14525e16dca0b.jpg\" alt=\"\" width=\"250\" height=\"175\" \/><\/p>\n<p><img decoding=\"async\" src=\"http:\/\/www.futbolecuador.com\/imagenes\/teams\/shirt\/aa3a12226eb8d9532ce40916dbdc10f1.jpg\" alt=\"\" \/><img decoding=\"async\" src=\"http:\/\/www.futbolecuador.com\/imagenes\/teams\/shirt2\/0ba0f62e99ac553eb3b4f457d2a28bd2.jpg\" alt=\"\" \/><\/p>\n<table border=\"0\" cellspacing=\"0\" cellpadding=\"3\">\n<tbody>\n<tr>\n<td width=\"30%\"><strong>Nombre Oficial:<\/strong><\/td>\n<td width=\"70%\">Emelec<\/td>\n<\/tr>\n<tr>\n<td><strong>Fundaci\u00f3n:<\/strong><\/td>\n<td>1945-10-21<\/td>\n<\/tr>\n<tr>\n<td><strong>Presidente del Club:<\/strong><\/td>\n<td>El\u00edas Wated<\/td>\n<\/tr>\n<tr>\n<td><strong>Director T\u00e9cnico:<\/strong><\/td>\n<td>Omar Assad<\/td>\n<\/tr>\n<tr>\n<td><strong>Estadio:<\/strong><\/td>\n<td>George Lewis Capwell<\/td>\n<\/tr>\n<tr>\n<td><strong>P\u00e1gina web oficial:<\/strong><\/td>\n<td><a href=\"http:\/\/www.emelec.com.ec\/\" target=\"_blank\">www.emelec.com.ec<\/a><\/td>\n<\/tr>\n<tr>\n<td><strong>P\u00e1gina web no oficial:<\/strong><\/td>\n<td><a href=\"http:\/\/www.emelexista.com\/\" target=\"_blank\">www.emelexista.com<\/a><\/td>\n<\/tr>\n<tr>\n<td valign=\"top\"><strong>Jugadores S\u00edmbolos:<\/strong><\/td>\n<td>Marcelo Fleitas<br \/>\nCarlos Qui\u00f1\u00f3nez<br \/>\nDavid Quir\u00f3z<\/td>\n<\/tr>\n<tr>\n<td valign=\"top\"><strong>Palmar\u00e9s:<\/strong><\/td>\n<td>Es la tercera fuerza en el pa\u00eds. El Club Sport Emelec ha conseguido diez coronas nacionales: 1957, 1961, 1955, 1972, 1979, 1988, 1993, 1994, 2001 y 2002. Adem\u00e1s cuenta con un subcampeonato de la Copa Merconorte.<\/td>\n<\/tr>\n<\/tbody>\n<\/table>\n<p><strong>Lista de jugadores<\/strong><\/p>\n<p>Jos\u00e9 Ayov\u00ed<br \/>\nWilmer Zumba<br \/>\nCarlos Qui\u00f1\u00f3nez<br \/>\nWalter Iza<br \/>\nPedro Qui\u00f1\u00f3nez<br \/>\nJos\u00e9 Qui\u00f1\u00f3nez<br \/>\nDavid Quiroz<br \/>\nPolo Wila<br \/>\nSilvano Estacio<br \/>\nGabriel Achilier<br \/>\nEnner Valencia<br \/>\nMarcos Caicedo<br \/>\nFernando Gaibor<br \/>\nEduardo Morante<br \/>\nPa\u00fal Cetre<br \/>\nWashington V\u00e9lez<br \/>\nFernando Pinillo<br \/>\nDennis Hurtado<br \/>\nOscar Bagui<br \/>\nFulton Francis<br \/>\nRoberto Mina<br \/>\nRonnal Campos<br \/>\nJefferson Pinto<br \/>\nAngel Mena<br \/>\nJean de la Rosa<br \/>\nLuis Zambrano<br \/>\nByron Mina<br \/>\nRoger Renter\u00eda<\/p>\n<p><strong>Goles de Emelec<\/strong><\/p>\n<p><strong><br \/>\n<iframe loading=\"lazy\" width=\"425\" height=\"349\" src=\"http:\/\/www.youtube.com\/embed\/nzzNeNhsM3I\" frameborder=\"0\" allowfullscreen><\/iframe><br \/>\n<\/strong><\/p>\n","protected":false},"excerpt":{"rendered":"<p>Nombre Oficial: Emelec Fundaci\u00f3n: 1945-10-21 Presidente del Club: El\u00edas Wated Director T\u00e9cnico: Omar Assad Estadio: George Lewis Capwell P\u00e1gina web oficial: www.emelec.com.ec P\u00e1gina web no oficial: www.emelexista.com Jugadores S\u00edmbolos: Marcelo Fleitas Carlos Qui\u00f1\u00f3nez David Quir\u00f3z Palmar\u00e9s: Es la tercera fuerza en el pa\u00eds. El Club Sport Emelec ha conseguido diez coronas nacionales: 1957, 1961, 1955, [&hellip;]<\/p>\n","protected":false},"author":6580,"featured_media":0,"comment_status":"open","ping_status":"open","sticky":false,"template":"","format":"standard","meta":{"footnotes":""},"categories":[1],"tags":[],"class_list":["post-108","post","type-post","status-publish","format-standard","hentry","category-uncategorized"],"_links":{"self":[{"href":"https:\/\/blog.espol.edu.ec\/cvaccaro\/wp-json\/wp\/v2\/posts\/108","targetHints":{"allow":["GET"]}}],"collection":[{"href":"https:\/\/blog.espol.edu.ec\/cvaccaro\/wp-json\/wp\/v2\/posts"}],"about":[{"href":"https:\/\/blog.espol.edu.ec\/cvaccaro\/wp-json\/wp\/v2\/types\/post"}],"author":[{"embeddable":true,"href":"https:\/\/blog.espol.edu.ec\/cvaccaro\/wp-json\/wp\/v2\/users\/6580"}],"replies":[{"embeddable":true,"href":"https:\/\/blog.espol.edu.ec\/cvaccaro\/wp-json\/wp\/v2\/comments?post=108"}],"version-history":[{"count":7,"href":"https:\/\/blog.espol.edu.ec\/cvaccaro\/wp-json\/wp\/v2\/posts\/108\/revisions"}],"predecessor-version":[{"id":111,"href":"https:\/\/blog.espol.edu.ec\/cvaccaro\/wp-json\/wp\/v2\/posts\/108\/revisions\/111"}],"wp:attachment":[{"href":"https:\/\/blog.espol.edu.ec\/cvaccaro\/wp-json\/wp\/v2\/media?parent=108"}],"wp:term":[{"taxonomy":"category","embeddable":true,"href":"https:\/\/blog.espol.edu.ec\/cvaccaro\/wp-json\/wp\/v2\/categories?post=108"},{"taxonomy":"post_tag","embeddable":true,"href":"https:\/\/blog.espol.edu.ec\/cvaccaro\/wp-json\/wp\/v2\/tags?post=108"}],"curies":[{"name":"wp","href":"https:\/\/api.w.org\/{rel}","templated":true}]}}