{"id":271,"date":"2010-11-05T02:09:44","date_gmt":"2010-11-05T06:09:44","guid":{"rendered":"http:\/\/blog.espol.edu.ec\/daceli\/2010\/11\/05\/mundo-arabe-enfrenta-crisis-de-agua-cada-vez-mas-grave\/"},"modified":"2010-11-26T22:26:50","modified_gmt":"2010-11-27T02:26:50","slug":"mundo-arabe-enfrenta-crisis-de-agua-cada-vez-mas-grave","status":"publish","type":"post","link":"https:\/\/blog.espol.edu.ec\/daceli\/2010\/11\/05\/mundo-arabe-enfrenta-crisis-de-agua-cada-vez-mas-grave\/","title":{"rendered":"Arabia Saud\u00ed bloquea Facebook"},"content":{"rendered":"<p>La noticia de que Arabia Saud\u00ed ha bloqueado Facebook ha puesto nerviosos a decenas de miles de j\u00f3venes que en ese pa\u00eds son asiduos de la red social. La agencia Associated Press cita una fuente sin identificar de la Autoridad Saud\u00ed de Telecomunicaciones seg\u00fan la cual se ha bloqueado el servicio porque choca con los valores morales del reino. \"Su contenido ha pasado la raya\", afirma el an\u00f3nimo portavoz.<\/p>\n<p>No es la primera vez que Facebook se enfrenta al fundamentalismo imperante en Arabia Saud\u00ed, cuyos gobernantes se adhieren a una de las escuelas m\u00e1s conservadoras del islam sun\u00ed. Ya el pasado mayo, la Comisi\u00f3n de Comunicaciones y Tecnolog\u00eda de la Informaci\u00f3n bloque\u00f3 una p\u00e1gina de esa web que ridiculizaba la prohibici\u00f3n de representar al profeta Mahoma que establece ese credo. La misma entrada tambi\u00e9n motive la suspensi\u00f3n temporal del servicio en Pakist\u00e1n y Bangladesh.<\/p>\n<p>La pol\u00e9mica se arrastra desde que esa red social empez\u00f3 a calar entre los saud\u00edes. Ya hace dos a\u00f1os que Samer cre\u00f3 una p\u00e1gina con el significativo t\u00edtulo de \"todos esperamos que no bloqueen Facebook en Arabia Saud\u00ed\". El joven explicaba en el motivo que en ese pa\u00eds las autoridades \"bloquean cualquier web en la que se puedan hacer amistades como hi5, tagged o my space\". En la conservadora sociedad saud\u00ed, esos sitios han abierto una puerta a las relaciones entre j\u00f3venes de distinto sexo, cuyo contacto directo est\u00e1 legalmente prohibido.<\/p>\n<p>De hecho, la iniciativa de Samer respond\u00eda a un llamamiento para que se bloqueara lanzado meses antes por sus detractores desde el propio Facebook. \"Hay que pararlo ya. Todo el mundo en el reino se est\u00e1 tomando [la red social] demasiado en serio, en especial los estudiantes universitarios. Ponen Facebook como su prioridad en la vida y todo lo dem\u00e1s se convierte en secundario\", denunciaban.<\/p>\n<p>En el vecino Ir\u00e1n, Facebook y Twiter est\u00e1n prohibidos desde las protestas postelectorales del a\u00f1o pasado. \"No es tanto por su car\u00e1cter social como por su utilizaci\u00f3n como v\u00edas de movilizaci\u00f3n pol\u00edtica\", estima una activista. Los iran\u00edes han aprendido a sortear el bloqueo con el uso de proxies y otros trucos inform\u00e1ticos.<\/p>\n<p>En Arabia Saud\u00ed, donde el nivel de concienciaci\u00f3n pol\u00edtica est\u00e1 a\u00fan en mantillas, el malestar tiene otras connotaciones. \"Claro que la gente va a protestar si impiden el acceso, el 70% de los saud\u00edes utiliza Facebook\", asegura Rabaa. Sin duda, los j\u00f3venes lo hacen. El pasado mi\u00e9rcoles, Rima al Mukhtar, del diario Arab News, se refer\u00eda a esa web como \"un verdadero nexo de uni\u00f3n entre la juventud\". La periodista comentaba el \u00e9xito de la campa\u00f1a Yeddah Limpia lanzada a trav\u00e9s de esa red social y que hab\u00eda reunido a varios cientos de voluntarios en un esfuerzo por mejorar la imagen de esa ciudad de la costa saud\u00ed del Mar Rojo.<\/p>\n<p>Los internautas que desde Arabia Saud\u00ed quieran acceder a su perfil de la red social Facebook ven desde hoy un mensaje de error. El reino saud\u00ed ha anunciado a trav\u00e9s de un portavoz de su Comisi\u00f3n de Comunicaci\u00f3n y Tecnolog\u00edas de la Informaci\u00f3n ha decidido bloquear el acceso a ese gran fichero mundial de perfiles personales porque su contenido \"ha cruzado la l\u00ednea\" y chocado con los valores conservadores del pa\u00eds. Las autoridades saud\u00edes aseguran que la medida es temporal, informa la agencia AP citada por varios medios internacionales.<\/p>\n<p>La medida adoptada por Riad es similar a las adoptadas por Vietnam (noviembre de 2009), Pakist\u00e1n y Bangladesh (mayo de 2010). Facebook tambi\u00e9n ha sufrido bloqueos intermitentes en China, Corea del Norte, Ir\u00e1n, Uzbequist\u00e1n y Siria.<\/p>\n<p>Arabia Saud\u00ed es un Estado teocr\u00e1tico regido por una rigorista interpretaci\u00f3n del islam. La divisi\u00f3n entre la religi\u00f3n y el poder pol\u00edtico es inexistente.<\/p>\n<p>Facebook es la mayor red social de Internet con 500 millones de usuarios registrados (<\/p>\n","protected":false},"excerpt":{"rendered":"<p>La noticia de que Arabia Saud\u00ed ha bloqueado Facebook ha puesto nerviosos a decenas de miles de j\u00f3venes que en ese pa\u00eds son asiduos de la red social. La agencia Associated Press cita una fuente sin identificar de la Autoridad Saud\u00ed de Telecomunicaciones seg\u00fan la cual se ha bloqueado el servicio porque choca con los [&hellip;]<\/p>\n","protected":false},"author":1665,"featured_media":0,"comment_status":"open","ping_status":"open","sticky":false,"template":"","format":"standard","meta":{"footnotes":""},"categories":[935],"tags":[],"class_list":["post-271","post","type-post","status-publish","format-standard","hentry","category-lo-mejor"],"_links":{"self":[{"href":"https:\/\/blog.espol.edu.ec\/daceli\/wp-json\/wp\/v2\/posts\/271","targetHints":{"allow":["GET"]}}],"collection":[{"href":"https:\/\/blog.espol.edu.ec\/daceli\/wp-json\/wp\/v2\/posts"}],"about":[{"href":"https:\/\/blog.espol.edu.ec\/daceli\/wp-json\/wp\/v2\/types\/post"}],"author":[{"embeddable":true,"href":"https:\/\/blog.espol.edu.ec\/daceli\/wp-json\/wp\/v2\/users\/1665"}],"replies":[{"embeddable":true,"href":"https:\/\/blog.espol.edu.ec\/daceli\/wp-json\/wp\/v2\/comments?post=271"}],"version-history":[{"count":8,"href":"https:\/\/blog.espol.edu.ec\/daceli\/wp-json\/wp\/v2\/posts\/271\/revisions"}],"predecessor-version":[{"id":273,"href":"https:\/\/blog.espol.edu.ec\/daceli\/wp-json\/wp\/v2\/posts\/271\/revisions\/273"}],"wp:attachment":[{"href":"https:\/\/blog.espol.edu.ec\/daceli\/wp-json\/wp\/v2\/media?parent=271"}],"wp:term":[{"taxonomy":"category","embeddable":true,"href":"https:\/\/blog.espol.edu.ec\/daceli\/wp-json\/wp\/v2\/categories?post=271"},{"taxonomy":"post_tag","embeddable":true,"href":"https:\/\/blog.espol.edu.ec\/daceli\/wp-json\/wp\/v2\/tags?post=271"}],"curies":[{"name":"wp","href":"https:\/\/api.w.org\/{rel}","templated":true}]}}