{"id":87,"date":"2009-12-20T21:15:19","date_gmt":"2009-12-21T02:15:19","guid":{"rendered":"http:\/\/blog.espol.edu.ec\/danlayedra\/?p=87"},"modified":"2009-12-20T22:49:44","modified_gmt":"2009-12-21T03:49:44","slug":"ardera-el-cielo-despues-de-navidad","status":"publish","type":"post","link":"https:\/\/blog.espol.edu.ec\/danlayedra\/2009\/12\/20\/ardera-el-cielo-despues-de-navidad\/","title":{"rendered":"Arder\u00e1 el cielo despues de navidad?"},"content":{"rendered":"<p style=\"text-align: center\"><object width=\"445\" height=\"364\" data=\"http:\/\/www.youtube.com\/v\/8zcG2ZXRCcw&amp;hl=es_ES&amp;fs=1&amp;color1=0x2b405b&amp;color2=0x6b8ab6&amp;border=1\" type=\"application\/x-shockwave-flash\"><param name=\"allowFullScreen\" value=\"true\" \/><param name=\"allowscriptaccess\" value=\"always\" \/><param name=\"src\" value=\"http:\/\/www.youtube.com\/v\/8zcG2ZXRCcw&amp;hl=es_ES&amp;fs=1&amp;color1=0x2b405b&amp;color2=0x6b8ab6&amp;border=1\" \/><param name=\"allowfullscreen\" value=\"true\" \/><\/object><\/p>\n<p style=\"text-align: center\">\n<p style=\"text-align: justify\">Tal vez sea culpa de nuestros gobernadores que en navidad un deseo que pedimos sea paz mundial ya que todos los a\u00f1os cada navidad, cada persona que escucho en su oraci\u00f3n en la petici\u00f3n que le hace al gran Dios es que haya paz mundial y que se acaben las guerras, las ambiciones de poder, de tener el control sobre todos, querer ser primera potencia mundial.<\/p>\n<p style=\"text-align: justify\">Ojala que en este nuevo a\u00f1o los gobernadores hagan conciencia de estos actos ya que en una guerra no hay victoria ya que todos pierden, en cada bando mueren miles de personas ademas de las inocentes que sin querer se ven en medio de los dos bandos y mueren uno a uno cayendo ni\u00f1os, mujeres ancianos, miles y miles de personas que no pidieron estar en guerra sino que se vieron obligados a estar en ellas, lo\u00a0\u00fanico\u00a0que pueden hacer esas personas es tratar de esconderse y mantenerse a salvo aunque lo hacen sin\u00a0v\u00edveres y al final mueren de hambre,\u00a0tal vez eso no ven nuestros gobernadores, pero ojala que no se den cuenta muy tarde aunque a mi parecer ya es muy tarde, cada guerra no es tan solo entre pa\u00edses sino\u00a0tambi\u00e9n\u00a0adentro de cada uno de ellos, peleas entre manifestantes en contra de la forma de gobernar del presidente o corrupciones que se viven a diario en aquel pa\u00eds.<\/p>\n<p style=\"text-align: justify\">Por favor hagamos un pedido a todos los gobernadores y a los que\u00a0est\u00e1n\u00a0al mando de cada uno de los pa\u00edses para que estas peticiones se hagan realidad y que podamos estar en paz, si no es por una nueva meta de navidad o a\u00f1o nuevo sea por conciencia propia.<\/p>\n<p style=\"text-align: center\"><object width=\"580\" height=\"360\" data=\"http:\/\/www.youtube.com\/v\/YLHpvjrFpe0&amp;hl=es_ES&amp;fs=1&amp;color1=0x2b405b&amp;color2=0x6b8ab6&amp;border=1\" type=\"application\/x-shockwave-flash\"><param name=\"allowFullScreen\" value=\"true\" \/><param name=\"allowscriptaccess\" value=\"always\" \/><param name=\"src\" value=\"http:\/\/www.youtube.com\/v\/YLHpvjrFpe0&amp;hl=es_ES&amp;fs=1&amp;color1=0x2b405b&amp;color2=0x6b8ab6&amp;border=1\" \/><param name=\"allowfullscreen\" value=\"true\" \/><\/object><\/p>\n","protected":false},"excerpt":{"rendered":"<p>Tal vez sea culpa de nuestros gobernadores que en navidad un deseo que pedimos sea paz mundial ya que todos los a\u00f1os cada navidad, cada persona que escucho en su oraci\u00f3n en la petici\u00f3n que le hace al gran Dios es que haya paz mundial y que se acaben las guerras, las ambiciones de poder, [&hellip;]<\/p>\n","protected":false},"author":3319,"featured_media":0,"comment_status":"open","ping_status":"open","sticky":false,"template":"","format":"standard","meta":{"footnotes":""},"categories":[13108],"tags":[],"class_list":["post-87","post","type-post","status-publish","format-standard","hentry","category-editoriales"],"_links":{"self":[{"href":"https:\/\/blog.espol.edu.ec\/danlayedra\/wp-json\/wp\/v2\/posts\/87","targetHints":{"allow":["GET"]}}],"collection":[{"href":"https:\/\/blog.espol.edu.ec\/danlayedra\/wp-json\/wp\/v2\/posts"}],"about":[{"href":"https:\/\/blog.espol.edu.ec\/danlayedra\/wp-json\/wp\/v2\/types\/post"}],"author":[{"embeddable":true,"href":"https:\/\/blog.espol.edu.ec\/danlayedra\/wp-json\/wp\/v2\/users\/3319"}],"replies":[{"embeddable":true,"href":"https:\/\/blog.espol.edu.ec\/danlayedra\/wp-json\/wp\/v2\/comments?post=87"}],"version-history":[{"count":3,"href":"https:\/\/blog.espol.edu.ec\/danlayedra\/wp-json\/wp\/v2\/posts\/87\/revisions"}],"predecessor-version":[{"id":89,"href":"https:\/\/blog.espol.edu.ec\/danlayedra\/wp-json\/wp\/v2\/posts\/87\/revisions\/89"}],"wp:attachment":[{"href":"https:\/\/blog.espol.edu.ec\/danlayedra\/wp-json\/wp\/v2\/media?parent=87"}],"wp:term":[{"taxonomy":"category","embeddable":true,"href":"https:\/\/blog.espol.edu.ec\/danlayedra\/wp-json\/wp\/v2\/categories?post=87"},{"taxonomy":"post_tag","embeddable":true,"href":"https:\/\/blog.espol.edu.ec\/danlayedra\/wp-json\/wp\/v2\/tags?post=87"}],"curies":[{"name":"wp","href":"https:\/\/api.w.org\/{rel}","templated":true}]}}