{"id":42,"date":"2013-11-24T02:41:20","date_gmt":"2013-11-24T02:41:20","guid":{"rendered":"http:\/\/blog.espol.edu.ec\/dapraes\/?p=42"},"modified":"2013-11-24T02:41:20","modified_gmt":"2013-11-24T02:41:20","slug":"crea-tu-propio-short","status":"publish","type":"post","link":"https:\/\/blog.espol.edu.ec\/dapraes\/2013\/11\/24\/crea-tu-propio-short\/","title":{"rendered":"Crea tu propio Short"},"content":{"rendered":"<div id=\"attachment_46\" style=\"width: 310px\" class=\"wp-caption alignnone\"><a href=\"http:\/\/blog.espol.edu.ec\/dapraes\/files\/2013\/11\/CAM00653.jpg\"><img loading=\"lazy\" decoding=\"async\" aria-describedby=\"caption-attachment-46\" class=\"size-medium wp-image-46\" alt=\"Short\" src=\"http:\/\/blog.espol.edu.ec\/dapraes\/files\/2013\/11\/CAM00653-300x225.jpg\" width=\"300\" height=\"225\" srcset=\"https:\/\/blog.espol.edu.ec\/dapraes\/files\/2013\/11\/CAM00653-300x225.jpg 300w, https:\/\/blog.espol.edu.ec\/dapraes\/files\/2013\/11\/CAM00653-1024x768.jpg 1024w\" sizes=\"auto, (max-width: 300px) 100vw, 300px\" \/><\/a><p id=\"caption-attachment-46\" class=\"wp-caption-text\">Short<\/p><\/div>\n<p>Materiales:<\/p>\n<div id=\"attachment_43\" style=\"width: 238px\" class=\"wp-caption alignnone\"><a href=\"http:\/\/blog.espol.edu.ec\/dapraes\/files\/2013\/11\/CAM00649.jpg\"><img loading=\"lazy\" decoding=\"async\" aria-describedby=\"caption-attachment-43\" class=\"size-medium wp-image-43\" alt=\"Pantal\u00f3n, tijera, aguja e hilo\" src=\"http:\/\/blog.espol.edu.ec\/dapraes\/files\/2013\/11\/CAM00649-228x300.jpg\" width=\"228\" height=\"300\" srcset=\"https:\/\/blog.espol.edu.ec\/dapraes\/files\/2013\/11\/CAM00649-228x300.jpg 228w, https:\/\/blog.espol.edu.ec\/dapraes\/files\/2013\/11\/CAM00649-780x1024.jpg 780w, https:\/\/blog.espol.edu.ec\/dapraes\/files\/2013\/11\/CAM00649.jpg 1821w\" sizes=\"auto, (max-width: 228px) 100vw, 228px\" \/><\/a><p id=\"caption-attachment-43\" class=\"wp-caption-text\">Pantal\u00f3n, tijera, aguja e hilo<\/p><\/div>\n<p>El pantal\u00f3n debe ser uno que ya no utilices y quieras reutilizarlo comvirti\u00e9ndolo en un short.<\/p>\n<p>Elaboraci\u00f3n:<\/p>\n<div id=\"attachment_44\" style=\"width: 183px\" class=\"wp-caption alignnone\"><a href=\"http:\/\/blog.espol.edu.ec\/dapraes\/files\/2013\/11\/CAM00650.jpg\"><img loading=\"lazy\" decoding=\"async\" aria-describedby=\"caption-attachment-44\" class=\"size-medium wp-image-44\" alt=\"Cortando el pantal\u00f3n\" src=\"http:\/\/blog.espol.edu.ec\/dapraes\/files\/2013\/11\/CAM00650-173x300.jpg\" width=\"173\" height=\"300\" srcset=\"https:\/\/blog.espol.edu.ec\/dapraes\/files\/2013\/11\/CAM00650-173x300.jpg 173w, https:\/\/blog.espol.edu.ec\/dapraes\/files\/2013\/11\/CAM00650-592x1024.jpg 592w, https:\/\/blog.espol.edu.ec\/dapraes\/files\/2013\/11\/CAM00650.jpg 1480w\" sizes=\"auto, (max-width: 173px) 100vw, 173px\" \/><\/a><p id=\"caption-attachment-44\" class=\"wp-caption-text\">Cortando el pantal\u00f3n<\/p><\/div>\n<p>Se\u00f1alamos el pantal\u00f3n a la medida que queremos nuestro short, y lo cortamos 20 cm debajo de lo se\u00f1alado para poder hacerle el dobladillo, la medida del dobladillo puede variar de acuerdo a tus gustos.<\/p>\n<div id=\"attachment_45\" style=\"width: 235px\" class=\"wp-caption alignnone\"><a href=\"http:\/\/blog.espol.edu.ec\/dapraes\/files\/2013\/11\/CAM00651.jpg\"><img loading=\"lazy\" decoding=\"async\" aria-describedby=\"caption-attachment-45\" class=\"size-medium wp-image-45\" alt=\"Pantal\u00f3n cortado\" src=\"http:\/\/blog.espol.edu.ec\/dapraes\/files\/2013\/11\/CAM00651-225x300.jpg\" width=\"225\" height=\"300\" srcset=\"https:\/\/blog.espol.edu.ec\/dapraes\/files\/2013\/11\/CAM00651-225x300.jpg 225w, https:\/\/blog.espol.edu.ec\/dapraes\/files\/2013\/11\/CAM00651-768x1024.jpg 768w, https:\/\/blog.espol.edu.ec\/dapraes\/files\/2013\/11\/CAM00651.jpg 1920w\" sizes=\"auto, (max-width: 225px) 100vw, 225px\" \/><\/a><p id=\"caption-attachment-45\" class=\"wp-caption-text\">Pantal\u00f3n cortado<\/p><\/div>\n<p>una vez cortado procedemos a doblarlo hacia afuera hasta la se\u00f1al que hab\u00edamos dejado.<\/p>\n<div id=\"attachment_46\" style=\"width: 310px\" class=\"wp-caption alignnone\"><a href=\"http:\/\/blog.espol.edu.ec\/dapraes\/files\/2013\/11\/CAM00653.jpg\"><img loading=\"lazy\" decoding=\"async\" aria-describedby=\"caption-attachment-46\" class=\"size-medium wp-image-46 \" alt=\"Short\" src=\"http:\/\/blog.espol.edu.ec\/dapraes\/files\/2013\/11\/CAM00653-300x225.jpg\" width=\"300\" height=\"225\" srcset=\"https:\/\/blog.espol.edu.ec\/dapraes\/files\/2013\/11\/CAM00653-300x225.jpg 300w, https:\/\/blog.espol.edu.ec\/dapraes\/files\/2013\/11\/CAM00653-1024x768.jpg 1024w\" sizes=\"auto, (max-width: 300px) 100vw, 300px\" \/><\/a><p id=\"caption-attachment-46\" class=\"wp-caption-text\">Short finalizado<\/p><\/div>\n<p>Aseguramos el dobladillo con unas puntadas y ya est\u00e1 listo nuestro short para poder usarlo.<\/p>\n","protected":false},"excerpt":{"rendered":"<p>Materiales: El pantal\u00f3n debe ser uno que ya no utilices y quieras reutilizarlo comvirti\u00e9ndolo en un short. Elaboraci\u00f3n: Se\u00f1alamos el pantal\u00f3n a la medida que queremos nuestro short, y lo cortamos 20 cm debajo de lo se\u00f1alado para poder hacerle el dobladillo, la medida del dobladillo puede variar de acuerdo a tus gustos. una vez [&hellip;]<\/p>\n","protected":false},"author":8806,"featured_media":0,"comment_status":"open","ping_status":"open","sticky":false,"template":"","format":"standard","meta":{"footnotes":""},"categories":[818],"tags":[],"class_list":["post-42","post","type-post","status-publish","format-standard","hentry","category-sin-categoria"],"_links":{"self":[{"href":"https:\/\/blog.espol.edu.ec\/dapraes\/wp-json\/wp\/v2\/posts\/42","targetHints":{"allow":["GET"]}}],"collection":[{"href":"https:\/\/blog.espol.edu.ec\/dapraes\/wp-json\/wp\/v2\/posts"}],"about":[{"href":"https:\/\/blog.espol.edu.ec\/dapraes\/wp-json\/wp\/v2\/types\/post"}],"author":[{"embeddable":true,"href":"https:\/\/blog.espol.edu.ec\/dapraes\/wp-json\/wp\/v2\/users\/8806"}],"replies":[{"embeddable":true,"href":"https:\/\/blog.espol.edu.ec\/dapraes\/wp-json\/wp\/v2\/comments?post=42"}],"version-history":[{"count":3,"href":"https:\/\/blog.espol.edu.ec\/dapraes\/wp-json\/wp\/v2\/posts\/42\/revisions"}],"predecessor-version":[{"id":49,"href":"https:\/\/blog.espol.edu.ec\/dapraes\/wp-json\/wp\/v2\/posts\/42\/revisions\/49"}],"wp:attachment":[{"href":"https:\/\/blog.espol.edu.ec\/dapraes\/wp-json\/wp\/v2\/media?parent=42"}],"wp:term":[{"taxonomy":"category","embeddable":true,"href":"https:\/\/blog.espol.edu.ec\/dapraes\/wp-json\/wp\/v2\/categories?post=42"},{"taxonomy":"post_tag","embeddable":true,"href":"https:\/\/blog.espol.edu.ec\/dapraes\/wp-json\/wp\/v2\/tags?post=42"}],"curies":[{"name":"wp","href":"https:\/\/api.w.org\/{rel}","templated":true}]}}