{"id":93,"date":"2013-11-24T04:58:07","date_gmt":"2013-11-24T04:58:07","guid":{"rendered":"http:\/\/blog.espol.edu.ec\/dapraes\/?p=93"},"modified":"2013-11-24T04:58:07","modified_gmt":"2013-11-24T04:58:07","slug":"decora-tu-short","status":"publish","type":"post","link":"https:\/\/blog.espol.edu.ec\/dapraes\/2013\/11\/24\/decora-tu-short\/","title":{"rendered":"Decora tu short"},"content":{"rendered":"<div id=\"attachment_99\" style=\"width: 310px\" class=\"wp-caption alignnone\"><a href=\"http:\/\/blog.espol.edu.ec\/dapraes\/files\/2013\/11\/CAM00671.jpg\"><img loading=\"lazy\" decoding=\"async\" aria-describedby=\"caption-attachment-99\" class=\"size-medium wp-image-99\" alt=\"Short decorado \" src=\"http:\/\/blog.espol.edu.ec\/dapraes\/files\/2013\/11\/CAM00671-300x225.jpg\" width=\"300\" height=\"225\" srcset=\"https:\/\/blog.espol.edu.ec\/dapraes\/files\/2013\/11\/CAM00671-300x225.jpg 300w, https:\/\/blog.espol.edu.ec\/dapraes\/files\/2013\/11\/CAM00671-1024x768.jpg 1024w\" sizes=\"auto, (max-width: 300px) 100vw, 300px\" \/><\/a><p id=\"caption-attachment-99\" class=\"wp-caption-text\">Short decorado<\/p><\/div>\n<p>Materiales y pasos de elaboraci\u00f3n:<\/p>\n<p><div id=\"attachment_94\" style=\"width: 260px\" class=\"wp-caption alignnone\"><a href=\"http:\/\/blog.espol.edu.ec\/dapraes\/files\/2013\/11\/CAM006672.jpg\"><img loading=\"lazy\" decoding=\"async\" aria-describedby=\"caption-attachment-94\" class=\"size-medium wp-image-94\" alt=\"CAM00667~2\" src=\"http:\/\/blog.espol.edu.ec\/dapraes\/files\/2013\/11\/CAM006672-250x300.jpg\" width=\"250\" height=\"300\" srcset=\"https:\/\/blog.espol.edu.ec\/dapraes\/files\/2013\/11\/CAM006672-250x300.jpg 250w, https:\/\/blog.espol.edu.ec\/dapraes\/files\/2013\/11\/CAM006672-855x1024.jpg 855w, https:\/\/blog.espol.edu.ec\/dapraes\/files\/2013\/11\/CAM006672.jpg 1920w\" sizes=\"auto, (max-width: 250px) 100vw, 250px\" \/><\/a><p id=\"caption-attachment-94\" class=\"wp-caption-text\">Dibujo sobre el tub\u00e9rculo<\/p><\/div><br \/>\nNecesitamos un tub\u00e9rculo, puede ser una papa o una yuca, yo eleg\u00ed la segunda, la partimos y le hacemos la figura que queremos pintar sobre nuestro short.<\/p>\n<p><div id=\"attachment_95\" style=\"width: 298px\" class=\"wp-caption alignnone\"><a href=\"http:\/\/blog.espol.edu.ec\/dapraes\/files\/2013\/11\/CAM006682.jpg\"><img loading=\"lazy\" decoding=\"async\" aria-describedby=\"caption-attachment-95\" class=\"size-medium wp-image-95\" alt=\"Dibujo calado con un estilete \" src=\"http:\/\/blog.espol.edu.ec\/dapraes\/files\/2013\/11\/CAM006682-288x300.jpg\" width=\"288\" height=\"300\" srcset=\"https:\/\/blog.espol.edu.ec\/dapraes\/files\/2013\/11\/CAM006682-288x300.jpg 288w, https:\/\/blog.espol.edu.ec\/dapraes\/files\/2013\/11\/CAM006682-985x1024.jpg 985w, https:\/\/blog.espol.edu.ec\/dapraes\/files\/2013\/11\/CAM006682.jpg 1920w\" sizes=\"auto, (max-width: 288px) 100vw, 288px\" \/><\/a><p id=\"caption-attachment-95\" class=\"wp-caption-text\">Dibujo calado con un estilete<\/p><\/div><br \/>\nUna vez dibujada la figura procedemos a calarla con un estilete de tal manera que la figura quede sobresalida ya que va actuar como un sello.<\/p>\n<p><div id=\"attachment_96\" style=\"width: 265px\" class=\"wp-caption alignnone\"><a href=\"http:\/\/blog.espol.edu.ec\/dapraes\/files\/2013\/11\/CAM006692.jpg\"><img loading=\"lazy\" decoding=\"async\" aria-describedby=\"caption-attachment-96\" class=\"size-medium wp-image-96\" alt=\"Figura en el tub\u00e9rculo mojada con pintura para tela\" src=\"http:\/\/blog.espol.edu.ec\/dapraes\/files\/2013\/11\/CAM006692-255x300.jpg\" width=\"255\" height=\"300\" srcset=\"https:\/\/blog.espol.edu.ec\/dapraes\/files\/2013\/11\/CAM006692-255x300.jpg 255w, https:\/\/blog.espol.edu.ec\/dapraes\/files\/2013\/11\/CAM006692-873x1024.jpg 873w, https:\/\/blog.espol.edu.ec\/dapraes\/files\/2013\/11\/CAM006692.jpg 1919w\" sizes=\"auto, (max-width: 255px) 100vw, 255px\" \/><\/a><p id=\"caption-attachment-96\" class=\"wp-caption-text\">Figura en el tub\u00e9rculo mojada con pintura para tela<\/p><\/div><br \/>\nNecesitamos pintura para tela, mojamos nuestro sello con la pintura tratando de que no se manche alrededor ya que s\u00f3lo queremos la figura estampada en el short.<\/p>\n<p><div id=\"attachment_97\" style=\"width: 235px\" class=\"wp-caption alignnone\"><a href=\"http:\/\/blog.espol.edu.ec\/dapraes\/files\/2013\/11\/CAM0067022.jpg\"><img loading=\"lazy\" decoding=\"async\" aria-describedby=\"caption-attachment-97\" class=\"size-medium wp-image-97\" alt=\"Se marca el dibujo con pintura sobre el short\" src=\"http:\/\/blog.espol.edu.ec\/dapraes\/files\/2013\/11\/CAM0067022-225x300.jpg\" width=\"225\" height=\"300\" srcset=\"https:\/\/blog.espol.edu.ec\/dapraes\/files\/2013\/11\/CAM0067022-225x300.jpg 225w, https:\/\/blog.espol.edu.ec\/dapraes\/files\/2013\/11\/CAM0067022-768x1024.jpg 768w, https:\/\/blog.espol.edu.ec\/dapraes\/files\/2013\/11\/CAM0067022.jpg 1920w\" sizes=\"auto, (max-width: 225px) 100vw, 225px\" \/><\/a><p id=\"caption-attachment-97\" class=\"wp-caption-text\">Se marca el dibujo con pintura sobre el short<\/p><\/div><br \/>\nUna vez ya mojado nuestro sello procedemos a estamparlo en el short, con mucho cuidado lo levantamos y volvemos a colocar pintura en el sello repitiendo el proceso las veces que creas conveniente.<\/p>\n<p><div id=\"attachment_98\" style=\"width: 310px\" class=\"wp-caption alignnone\"><a href=\"http:\/\/blog.espol.edu.ec\/dapraes\/files\/2013\/11\/CAM00671-1.jpg\"><img loading=\"lazy\" decoding=\"async\" aria-describedby=\"caption-attachment-98\" class=\"size-medium wp-image-98\" alt=\"Short decorado \" src=\"http:\/\/blog.espol.edu.ec\/dapraes\/files\/2013\/11\/CAM00671-1-300x225.jpg\" width=\"300\" height=\"225\" srcset=\"https:\/\/blog.espol.edu.ec\/dapraes\/files\/2013\/11\/CAM00671-1-300x225.jpg 300w, https:\/\/blog.espol.edu.ec\/dapraes\/files\/2013\/11\/CAM00671-1-1024x768.jpg 1024w\" sizes=\"auto, (max-width: 300px) 100vw, 300px\" \/><\/a><p id=\"caption-attachment-98\" class=\"wp-caption-text\">Short decorado<\/p><\/div><br \/>\nUna vez finalizado el proceso ya est\u00e1 listo nuestro short para poder usarlo.<br \/>\nEspero te haya servido y lo hagas t\u00fa mismo..<\/p>\n","protected":false},"excerpt":{"rendered":"<p>Materiales y pasos de elaboraci\u00f3n: Necesitamos un tub\u00e9rculo, puede ser una papa o una yuca, yo eleg\u00ed la segunda, la partimos y le hacemos la figura que queremos pintar sobre nuestro short. Una vez dibujada la figura procedemos a calarla con un estilete de tal manera que la figura quede sobresalida ya que va actuar [&hellip;]<\/p>\n","protected":false},"author":8806,"featured_media":0,"comment_status":"open","ping_status":"open","sticky":false,"template":"","format":"standard","meta":{"footnotes":""},"categories":[818],"tags":[],"class_list":["post-93","post","type-post","status-publish","format-standard","hentry","category-sin-categoria"],"_links":{"self":[{"href":"https:\/\/blog.espol.edu.ec\/dapraes\/wp-json\/wp\/v2\/posts\/93","targetHints":{"allow":["GET"]}}],"collection":[{"href":"https:\/\/blog.espol.edu.ec\/dapraes\/wp-json\/wp\/v2\/posts"}],"about":[{"href":"https:\/\/blog.espol.edu.ec\/dapraes\/wp-json\/wp\/v2\/types\/post"}],"author":[{"embeddable":true,"href":"https:\/\/blog.espol.edu.ec\/dapraes\/wp-json\/wp\/v2\/users\/8806"}],"replies":[{"embeddable":true,"href":"https:\/\/blog.espol.edu.ec\/dapraes\/wp-json\/wp\/v2\/comments?post=93"}],"version-history":[{"count":3,"href":"https:\/\/blog.espol.edu.ec\/dapraes\/wp-json\/wp\/v2\/posts\/93\/revisions"}],"predecessor-version":[{"id":102,"href":"https:\/\/blog.espol.edu.ec\/dapraes\/wp-json\/wp\/v2\/posts\/93\/revisions\/102"}],"wp:attachment":[{"href":"https:\/\/blog.espol.edu.ec\/dapraes\/wp-json\/wp\/v2\/media?parent=93"}],"wp:term":[{"taxonomy":"category","embeddable":true,"href":"https:\/\/blog.espol.edu.ec\/dapraes\/wp-json\/wp\/v2\/categories?post=93"},{"taxonomy":"post_tag","embeddable":true,"href":"https:\/\/blog.espol.edu.ec\/dapraes\/wp-json\/wp\/v2\/tags?post=93"}],"curies":[{"name":"wp","href":"https:\/\/api.w.org\/{rel}","templated":true}]}}