{"id":44,"date":"2020-03-30T00:41:40","date_gmt":"2020-03-29T22:41:40","guid":{"rendered":"http:\/\/blog.espol.edu.ec\/decoracion\/?p=44"},"modified":"2020-03-27T00:55:38","modified_gmt":"2020-03-26T23:55:38","slug":"cortinas-ideales-para-decorar-tus-ventanas","status":"publish","type":"post","link":"https:\/\/blog.espol.edu.ec\/decoracion\/cortinas-ideales-para-decorar-tus-ventanas\/","title":{"rendered":"Cortinas ideales para decorar tus ventanas"},"content":{"rendered":"<p>Muchas veces queremos hacer lucir hermosas las ventanas de nuestro hogar, para ello una excelente idea es colocar en ellas unas preciosas como cautivantes cortinas, pero muchas veces elegir la m\u00e1s adecuada se nos hace un poco dif\u00edcil, ya que hoy en d\u00eda hay un sinf\u00edn de modelos y dise\u00f1os de \u00e9stas, si este es tu caso no te preocupes que nosotros por medio de este post te vamos a presentar 5 tipos de cortinas ideales para cualquier ventana o ambiente.<\/p>\n<p><!--more--><\/p>\n<p><strong>Cortinas para tamizar los contrastes<\/strong><\/p>\n<p>Si por ejemplo tienes un piso peque\u00f1o con las carpinter\u00edas negras, una muy buena opci\u00f3n es que coloques unas cortinas claras, as\u00ed podr\u00e1s simplemente suavizar el impacto visual y darles a estas el protagonismo que se merecen.<\/p>\n<p><strong>Cortinas largas <\/strong><\/p>\n<p>Si quieres que tus cortinas tengan realmente el protagonismo que estas se merecen, una buena opci\u00f3n es que instales unas cortinas largas que adem\u00e1s puedan combinar de forma perfecta con el color de las paredes de tu casa como con los dem\u00e1s objetos que se encontrar\u00e1n en su entorno.<\/p>\n<p><strong>Coloca el sistema de sujeci\u00f3n adecuada<\/strong><\/p>\n<p>Elige el tipo de instalaci\u00f3n adecuado, hoy en d\u00eda puedes encontrar sistemas de sujeci\u00f3n que van desde rieles, barras, galer\u00edas, entre otros, por ejemplo si tu casa es peque\u00f1a no dudes en adquirir unas cortinas de color claro, que sea larga y que adem\u00e1s la misma tenga su sistema de sujeci\u00f3n pegado al techo, de esta forma podr\u00e1s ganar altura visual, es decir, podr\u00e1s hacer que tu casa se vea m\u00e1s grandes, como tambi\u00e9n que tus ventanas luzcan perfectas, en cambio si tu casa en enorme, puedes optar por cortinas largas de colores oscuros, con formas, con dibujos, entre otros dise\u00f1os, adem\u00e1s que su sistema de sujeci\u00f3n este pegado al inicio de la ventana.<\/p>\n<p><strong>Apu\u00e9stale al blanco<\/strong><\/p>\n<p>Es color blanco siempre ser\u00e1 nuestro mejor aliado en todo momento, as\u00ed que hazte de unas hermosas cortinas lisas blancas, ya que las mismas le van a aportar a tu hogar una gran luminosidad.<\/p>\n<p><strong>Cortinas estampadas<\/strong><\/p>\n<p>Si tu casa es peque\u00f1a lo ideal es que te hagas de unas cortinas lisas, pero en cambio si tu casa posee un buen tama\u00f1o, no lo pienses dos veces y adquiere unas hermosas cortinas estampadas que puedan hacer juego con la decoraci\u00f3n de tu hogar.<\/p>\n<p><img loading=\"lazy\" decoding=\"async\" class=\"aligncenter wp-image-46 size-full\" src=\"http:\/\/blog.espol.edu.ec\/decoracion\/files\/2020\/03\/27265377_415065055594389_519705303_o.jpg\" alt=\"\" width=\"4096\" height=\"2730\" srcset=\"https:\/\/blog.espol.edu.ec\/decoracion\/files\/2020\/03\/27265377_415065055594389_519705303_o.jpg 4096w, https:\/\/blog.espol.edu.ec\/decoracion\/files\/2020\/03\/27265377_415065055594389_519705303_o-300x200.jpg 300w, https:\/\/blog.espol.edu.ec\/decoracion\/files\/2020\/03\/27265377_415065055594389_519705303_o-768x512.jpg 768w, https:\/\/blog.espol.edu.ec\/decoracion\/files\/2020\/03\/27265377_415065055594389_519705303_o-1024x683.jpg 1024w, https:\/\/blog.espol.edu.ec\/decoracion\/files\/2020\/03\/27265377_415065055594389_519705303_o-272x182.jpg 272w\" sizes=\"auto, (max-width: 767px) 89vw, (max-width: 1000px) 54vw, (max-width: 1071px) 543px, 580px\" \/><\/p>\n<p><img loading=\"lazy\" decoding=\"async\" class=\"aligncenter wp-image-47 size-full\" src=\"http:\/\/blog.espol.edu.ec\/decoracion\/files\/2020\/03\/glassvalg-vinduer_1400pxl.jpg\" alt=\"\" width=\"1400\" height=\"866\" srcset=\"https:\/\/blog.espol.edu.ec\/decoracion\/files\/2020\/03\/glassvalg-vinduer_1400pxl.jpg 1400w, https:\/\/blog.espol.edu.ec\/decoracion\/files\/2020\/03\/glassvalg-vinduer_1400pxl-300x186.jpg 300w, https:\/\/blog.espol.edu.ec\/decoracion\/files\/2020\/03\/glassvalg-vinduer_1400pxl-768x475.jpg 768w, https:\/\/blog.espol.edu.ec\/decoracion\/files\/2020\/03\/glassvalg-vinduer_1400pxl-1024x633.jpg 1024w\" sizes=\"auto, (max-width: 767px) 89vw, (max-width: 1000px) 54vw, (max-width: 1071px) 543px, 580px\" \/><\/p>\n<p><img loading=\"lazy\" decoding=\"async\" class=\"aligncenter wp-image-48 size-full\" src=\"http:\/\/blog.espol.edu.ec\/decoracion\/files\/2020\/03\/indoor-air-quality1.jpeg\" alt=\"\" width=\"4288\" height=\"2848\" srcset=\"https:\/\/blog.espol.edu.ec\/decoracion\/files\/2020\/03\/indoor-air-quality1.jpeg 4288w, https:\/\/blog.espol.edu.ec\/decoracion\/files\/2020\/03\/indoor-air-quality1-300x199.jpeg 300w, https:\/\/blog.espol.edu.ec\/decoracion\/files\/2020\/03\/indoor-air-quality1-768x510.jpeg 768w, https:\/\/blog.espol.edu.ec\/decoracion\/files\/2020\/03\/indoor-air-quality1-1024x680.jpeg 1024w, https:\/\/blog.espol.edu.ec\/decoracion\/files\/2020\/03\/indoor-air-quality1-272x182.jpeg 272w\" sizes=\"auto, (max-width: 767px) 89vw, (max-width: 1000px) 54vw, (max-width: 1071px) 543px, 580px\" \/><\/p>\n<p><img loading=\"lazy\" decoding=\"async\" class=\"aligncenter wp-image-49 size-full\" src=\"http:\/\/blog.espol.edu.ec\/decoracion\/files\/2020\/03\/r50-3c301_2020_4.jpg\" alt=\"\" width=\"4200\" height=\"2800\" srcset=\"https:\/\/blog.espol.edu.ec\/decoracion\/files\/2020\/03\/r50-3c301_2020_4.jpg 4200w, https:\/\/blog.espol.edu.ec\/decoracion\/files\/2020\/03\/r50-3c301_2020_4-300x200.jpg 300w, https:\/\/blog.espol.edu.ec\/decoracion\/files\/2020\/03\/r50-3c301_2020_4-768x512.jpg 768w, https:\/\/blog.espol.edu.ec\/decoracion\/files\/2020\/03\/r50-3c301_2020_4-1024x683.jpg 1024w, https:\/\/blog.espol.edu.ec\/decoracion\/files\/2020\/03\/r50-3c301_2020_4-272x182.jpg 272w\" sizes=\"auto, (max-width: 767px) 89vw, (max-width: 1000px) 54vw, (max-width: 1071px) 543px, 580px\" \/><\/p>\n<p><img loading=\"lazy\" decoding=\"async\" class=\"aligncenter wp-image-50 size-full\" src=\"http:\/\/blog.espol.edu.ec\/decoracion\/files\/2020\/03\/16B20846-AB62-4104-9678-7E939E67807C.jpeg\" alt=\"\" width=\"1734\" height=\"1095\" srcset=\"https:\/\/blog.espol.edu.ec\/decoracion\/files\/2020\/03\/16B20846-AB62-4104-9678-7E939E67807C.jpeg 1734w, https:\/\/blog.espol.edu.ec\/decoracion\/files\/2020\/03\/16B20846-AB62-4104-9678-7E939E67807C-300x189.jpeg 300w, https:\/\/blog.espol.edu.ec\/decoracion\/files\/2020\/03\/16B20846-AB62-4104-9678-7E939E67807C-768x485.jpeg 768w, https:\/\/blog.espol.edu.ec\/decoracion\/files\/2020\/03\/16B20846-AB62-4104-9678-7E939E67807C-1024x647.jpeg 1024w\" sizes=\"auto, (max-width: 767px) 89vw, (max-width: 1000px) 54vw, (max-width: 1071px) 543px, 580px\" \/><\/p>\n","protected":false},"excerpt":{"rendered":"<p>Muchas veces queremos hacer lucir hermosas las ventanas de nuestro hogar, para ello una excelente idea es colocar en ellas unas preciosas como cautivantes cortinas, pero muchas veces elegir la m\u00e1s adecuada se nos hace un poco dif\u00edcil, ya que hoy en d\u00eda hay un sinf\u00edn de modelos y dise\u00f1os de \u00e9stas, si este es &hellip; <\/p>\n<p class=\"link-more\"><a href=\"https:\/\/blog.espol.edu.ec\/decoracion\/cortinas-ideales-para-decorar-tus-ventanas\/\" class=\"more-link\">Continuar leyendo<span class=\"screen-reader-text\"> \"Cortinas ideales para decorar tus ventanas\"<\/span><\/a><\/p>\n","protected":false},"author":11087,"featured_media":45,"comment_status":"open","ping_status":"open","sticky":false,"template":"","format":"standard","meta":{"_monsterinsights_skip_tracking":false,"_monsterinsights_sitenote_active":false,"_monsterinsights_sitenote_note":"","_monsterinsights_sitenote_category":0,"footnotes":""},"categories":[],"tags":[13601,82320,14838,1625,39055],"class_list":["post-44","post","type-post","status-publish","format-standard","has-post-thumbnail","hentry","tag-colores","tag-cortinas","tag-decoracion","tag-hogar","tag-ventanas"],"aioseo_notices":[],"_links":{"self":[{"href":"https:\/\/blog.espol.edu.ec\/decoracion\/wp-json\/wp\/v2\/posts\/44","targetHints":{"allow":["GET"]}}],"collection":[{"href":"https:\/\/blog.espol.edu.ec\/decoracion\/wp-json\/wp\/v2\/posts"}],"about":[{"href":"https:\/\/blog.espol.edu.ec\/decoracion\/wp-json\/wp\/v2\/types\/post"}],"author":[{"embeddable":true,"href":"https:\/\/blog.espol.edu.ec\/decoracion\/wp-json\/wp\/v2\/users\/11087"}],"replies":[{"embeddable":true,"href":"https:\/\/blog.espol.edu.ec\/decoracion\/wp-json\/wp\/v2\/comments?post=44"}],"version-history":[{"count":1,"href":"https:\/\/blog.espol.edu.ec\/decoracion\/wp-json\/wp\/v2\/posts\/44\/revisions"}],"predecessor-version":[{"id":51,"href":"https:\/\/blog.espol.edu.ec\/decoracion\/wp-json\/wp\/v2\/posts\/44\/revisions\/51"}],"wp:featuredmedia":[{"embeddable":true,"href":"https:\/\/blog.espol.edu.ec\/decoracion\/wp-json\/wp\/v2\/media\/45"}],"wp:attachment":[{"href":"https:\/\/blog.espol.edu.ec\/decoracion\/wp-json\/wp\/v2\/media?parent=44"}],"wp:term":[{"taxonomy":"category","embeddable":true,"href":"https:\/\/blog.espol.edu.ec\/decoracion\/wp-json\/wp\/v2\/categories?post=44"},{"taxonomy":"post_tag","embeddable":true,"href":"https:\/\/blog.espol.edu.ec\/decoracion\/wp-json\/wp\/v2\/tags?post=44"}],"curies":[{"name":"wp","href":"https:\/\/api.w.org\/{rel}","templated":true}]}}