{"id":33,"date":"2011-06-20T22:01:02","date_gmt":"2011-06-20T22:01:02","guid":{"rendered":"http:\/\/blog.espol.edu.ec\/deivisgalarza\/?p=33"},"modified":"2011-07-11T18:01:38","modified_gmt":"2011-07-11T18:01:38","slug":"%c2%bf-por-que-debemos-estar-informados","status":"publish","type":"post","link":"https:\/\/blog.espol.edu.ec\/deivisgalarza\/2011\/06\/20\/%c2%bf-por-que-debemos-estar-informados\/","title":{"rendered":"\u00bf Por qu\u00e9 debemos estar informados ?"},"content":{"rendered":"<p>Muchas veces vemos en  los diarios y noticieros los problemas que se generan en nuestro pa\u00eds y  nos preguntamos\u2026 \u00bfPor qu\u00e9 debemos estar informados?<br \/>\nYo creo que  debemos estar informados porque de esa manera podemos darnos cuenta de  c\u00f3mo estamos organizados en la sociedad y de c\u00f3mo debemos actuar a la  hora de enfrentar un problema.<br \/>\nInformarnos nos abre la mente a  nuevos conocimientos, nos permite analizar la situaci\u00f3n en la que nos  encontramos desde nuestro punto de vista y tambi\u00e9n nos permite razonar y  anticipar as\u00ed lo que pueda llegar a suceder de una forma u otra.<br \/>\nA medida que vamos adquiriendo conocimiento, nuestra capacidad de  pensar aumenta, como cuando queremos aprender un nuevo idioma:  aprendemos nuevas palabras, nuevos conceptos y vamos ampliando nuestro  vocabulario cada vez que lo usamos.<br \/>\nSi nos fijamos bien, en las  sociedades anteriores, debido a la falta de educaci\u00f3n y tecnolog\u00eda las  personas no estaban informadas de nada y no ten\u00edan idea de en qu\u00e9 mundo  viv\u00edan. Se les presentaba un conflicto, un problema y no sab\u00edan como  enfrentarlo, porque no ten\u00edan el conocimiento apropiado como para  decidir qu\u00e9 hacer.<br \/>\nPor esta raz\u00f3n y por muchas m\u00e1s, yo creo que  es necesario estar informados, ya que la informaci\u00f3n nos abre la mente y  nos desarrolla la capacidad de razonar y as\u00ed poder tener un futuro  asegurado.<\/p>\n<p><iframe loading=\"lazy\" width=\"425\" height=\"349\" src=\"http:\/\/www.youtube.com\/embed\/TJRiLPamW7Q\" frameborder=\"0\" allowfullscreen><\/iframe><\/p>\n","protected":false},"excerpt":{"rendered":"<p>Muchas veces vemos en los diarios y noticieros los problemas que se generan en nuestro pa\u00eds y nos preguntamos\u2026 \u00bfPor qu\u00e9 debemos estar informados? Yo creo que debemos estar informados porque de esa manera podemos darnos cuenta de c\u00f3mo estamos organizados en la sociedad y de c\u00f3mo debemos actuar a la hora de enfrentar un [&hellip;]<\/p>\n","protected":false},"author":5889,"featured_media":0,"comment_status":"open","ping_status":"open","sticky":false,"template":"","format":"standard","meta":{"footnotes":""},"categories":[6],"tags":[],"class_list":["post-33","post","type-post","status-publish","format-standard","hentry","category-espol"],"_links":{"self":[{"href":"https:\/\/blog.espol.edu.ec\/deivisgalarza\/wp-json\/wp\/v2\/posts\/33","targetHints":{"allow":["GET"]}}],"collection":[{"href":"https:\/\/blog.espol.edu.ec\/deivisgalarza\/wp-json\/wp\/v2\/posts"}],"about":[{"href":"https:\/\/blog.espol.edu.ec\/deivisgalarza\/wp-json\/wp\/v2\/types\/post"}],"author":[{"embeddable":true,"href":"https:\/\/blog.espol.edu.ec\/deivisgalarza\/wp-json\/wp\/v2\/users\/5889"}],"replies":[{"embeddable":true,"href":"https:\/\/blog.espol.edu.ec\/deivisgalarza\/wp-json\/wp\/v2\/comments?post=33"}],"version-history":[{"count":4,"href":"https:\/\/blog.espol.edu.ec\/deivisgalarza\/wp-json\/wp\/v2\/posts\/33\/revisions"}],"predecessor-version":[{"id":36,"href":"https:\/\/blog.espol.edu.ec\/deivisgalarza\/wp-json\/wp\/v2\/posts\/33\/revisions\/36"}],"wp:attachment":[{"href":"https:\/\/blog.espol.edu.ec\/deivisgalarza\/wp-json\/wp\/v2\/media?parent=33"}],"wp:term":[{"taxonomy":"category","embeddable":true,"href":"https:\/\/blog.espol.edu.ec\/deivisgalarza\/wp-json\/wp\/v2\/categories?post=33"},{"taxonomy":"post_tag","embeddable":true,"href":"https:\/\/blog.espol.edu.ec\/deivisgalarza\/wp-json\/wp\/v2\/tags?post=33"}],"curies":[{"name":"wp","href":"https:\/\/api.w.org\/{rel}","templated":true}]}}