{"id":97,"date":"2021-06-14T18:00:20","date_gmt":"2021-06-14T16:00:20","guid":{"rendered":"http:\/\/blog.espol.edu.ec\/descubriendorincones\/?p=97"},"modified":"2021-06-14T18:00:20","modified_gmt":"2021-06-14T16:00:20","slug":"quieres-ir-a-la-coruna-descubre-estos-lugares-poco-turisticos","status":"publish","type":"post","link":"https:\/\/blog.espol.edu.ec\/descubriendorincones\/2021\/06\/14\/quieres-ir-a-la-coruna-descubre-estos-lugares-poco-turisticos\/","title":{"rendered":"\u00bfQuieres ir a La Coru\u00f1a? Descubre estos lugares poco tur\u00edsticos"},"content":{"rendered":"<p>Todos conocemos la gran belleza que alberga A Coru\u00f1a, sobre todo la capital Santiago de Compostela. Much\u00edsimos lugares tur\u00edsticos coru\u00f1eses reciben a miles de turistas que se quedan enamorados de sus rincones. Sin embargo, hay otras zonas de la provincia que no son tan conocidas y que m\u00e1s viajeros de lo que deber\u00edan pasan por alto cuando quieren ir a La Coru\u00f1a. \u00bfQuieres saber cu\u00e1les son?<\/p>\n<h3>Playa de los Cristales<\/h3>\n<p><img loading=\"lazy\" decoding=\"async\" class=\"wp-image-100 size-full aligncenter\" title=\"ir a coru\u00f1a\" src=\"http:\/\/blog.espol.edu.ec\/descubriendorincones\/files\/2021\/06\/AdobeStock_415392756-compressed.jpg\" alt=\"\" width=\"6016\" height=\"4016\" srcset=\"https:\/\/blog.espol.edu.ec\/descubriendorincones\/files\/2021\/06\/AdobeStock_415392756-compressed.jpg 6016w, https:\/\/blog.espol.edu.ec\/descubriendorincones\/files\/2021\/06\/AdobeStock_415392756-compressed-300x200.jpg 300w, https:\/\/blog.espol.edu.ec\/descubriendorincones\/files\/2021\/06\/AdobeStock_415392756-compressed-768x513.jpg 768w, https:\/\/blog.espol.edu.ec\/descubriendorincones\/files\/2021\/06\/AdobeStock_415392756-compressed-1024x684.jpg 1024w, https:\/\/blog.espol.edu.ec\/descubriendorincones\/files\/2021\/06\/AdobeStock_415392756-compressed-272x182.jpg 272w\" sizes=\"auto, (max-width: 767px) 89vw, (max-width: 1000px) 54vw, (max-width: 1071px) 543px, 580px\" \/><\/p>\n<p>Situada en plena Costa da Morte, esta curiosa cala est\u00e1 llena de preciosos trocitos de vidrio que tienen su origen en las botellas de cristal que el ser humano ha ido poco a poco arrojando a las aguas. Para encontrarla tendremos que trasladarnos al pueblo de Laxe y no hay que olvidar que no se permite el ba\u00f1o debido a sus fuertes corrientes, simplemente es un sitio para apreciar el entorno.<\/p>\n<p>\u00bfC\u00f3mo se han originado esos cristales? Te preguntar\u00e1s. Pues bien, en el pasado el vidrio se tiraba en esa zona del pueblo y la acci\u00f3n de los agentes erosivos, pese a los desechos que en un principio supon\u00edan estas basuras, ha creado un litoral sin igual lleno de color.<\/p>\n<p>Debes recordar tambi\u00e9n que no est\u00e1 permitido llevarse ning\u00fan trocito de cristal, pero eso s\u00ed, podr\u00e1s hacer todas las fotos que quieras.<\/p>\n<h3>\u00c1rea Natural de Chelo<\/h3>\n<p><img loading=\"lazy\" decoding=\"async\" class=\"aligncenter wp-image-101 size-full\" title=\"ir a coru\u00f1a\" src=\"http:\/\/blog.espol.edu.ec\/descubriendorincones\/files\/2021\/06\/AdobeStock_276902126-compressed.jpg\" alt=\"\" width=\"6000\" height=\"4000\" srcset=\"https:\/\/blog.espol.edu.ec\/descubriendorincones\/files\/2021\/06\/AdobeStock_276902126-compressed.jpg 6000w, https:\/\/blog.espol.edu.ec\/descubriendorincones\/files\/2021\/06\/AdobeStock_276902126-compressed-300x200.jpg 300w, https:\/\/blog.espol.edu.ec\/descubriendorincones\/files\/2021\/06\/AdobeStock_276902126-compressed-768x512.jpg 768w, https:\/\/blog.espol.edu.ec\/descubriendorincones\/files\/2021\/06\/AdobeStock_276902126-compressed-1024x683.jpg 1024w, https:\/\/blog.espol.edu.ec\/descubriendorincones\/files\/2021\/06\/AdobeStock_276902126-compressed-272x182.jpg 272w\" sizes=\"auto, (max-width: 767px) 89vw, (max-width: 1000px) 54vw, (max-width: 1071px) 543px, 580px\" \/><\/p>\n<p>Alrededor del r\u00edo Mandeo se encuentra un paraje natural donde el musgo, el abedul y el casta\u00f1o habitan en sinton\u00eda. El \u00c1rea Natural de Chelo es uno de los tantos <a href=\"https:\/\/www.vipealo.com\/espana\/a-coruna\/bano-bosque\">bosques de Galicia<\/a> en los que podremos hacer una bonita ruta de senderismo. En este caso, la ruta que os proponemos es circular y dura 19 kil\u00f3metros partiendo desde el Centro de Interpretaci\u00f3n del bosque. El recorrido transcurre a la orilla del r\u00edo, por lo que si sois amantes de la pesca os gustar\u00e1 saber que es apto para realizar esta actividad.<\/p>\n<h3>La Ruta de las fuentes de Santiago<\/h3>\n<p>Esta es una de las formas m\u00e1s originales de descubrir la capital gallega. Con la <a href=\"https:\/\/www.vipealo.com\/espana\/a-coruna\/ruta-fuentes-santiago-de-compostela\">ruta de las fuentes<\/a> conocer\u00e1s uno de los mayores tesoros de la ciudad, las fuentes. En su momento fueron una de las partes m\u00e1s importantes de Santiago de Compostela, por lo que a su alrededor existen innumerables historias que no pueden caer en el olvido. Si eres amante de la historia, las curiosidades y las an\u00e9cdotas, esta ruta te encantar\u00e1. Las fuentes por las que pasa este recorrido son la de San Roque, la de Las Plater\u00edas, la fuente del Toral, la de San Clemente y la del Paseo de las Palmeras, situada en el precioso Parque de la Alameda, el cual ofrece las mejores vistas de Santiago.<\/p>\n<h3>Ponte Maceira<\/h3>\n<p><img loading=\"lazy\" decoding=\"async\" class=\"aligncenter wp-image-102 size-full\" title=\"ir a coru\u00f1a\" src=\"http:\/\/blog.espol.edu.ec\/descubriendorincones\/files\/2021\/06\/AdobeStock_301010450-compressed.jpg\" alt=\"\" width=\"3872\" height=\"2592\" srcset=\"https:\/\/blog.espol.edu.ec\/descubriendorincones\/files\/2021\/06\/AdobeStock_301010450-compressed.jpg 3872w, https:\/\/blog.espol.edu.ec\/descubriendorincones\/files\/2021\/06\/AdobeStock_301010450-compressed-300x201.jpg 300w, https:\/\/blog.espol.edu.ec\/descubriendorincones\/files\/2021\/06\/AdobeStock_301010450-compressed-768x514.jpg 768w, https:\/\/blog.espol.edu.ec\/descubriendorincones\/files\/2021\/06\/AdobeStock_301010450-compressed-1024x685.jpg 1024w, https:\/\/blog.espol.edu.ec\/descubriendorincones\/files\/2021\/06\/AdobeStock_301010450-compressed-272x182.jpg 272w\" sizes=\"auto, (max-width: 767px) 89vw, (max-width: 1000px) 54vw, (max-width: 1071px) 543px, 580px\" \/><\/p>\n<p>Solo algunos pueblos forman parte de la lista de \"Pueblos m\u00e1s bonitos de Espa\u00f1a\" y desde 2019 el peque\u00f1o Ponte Meceira es uno de ellos. Situado en Negreira, es la primera localidad coru\u00f1esa que se suma a la lista as\u00ed que si quieres ir a La Coru\u00f1a no te lo puedes perder. A pesar de su tama\u00f1o, tiene todo lo que uno puede buscar cuando visita una aldea: casas de piedra, un antiguo puente, molinos y naturaleza, mucha naturaleza.<\/p>\n<p>Tiene poco m\u00e1s de 60 habitantes siendo lo m\u00e1s destacado de sus fronteras el Conjunto Monumental compuesto por un poblado primitivo, una presa, un molino y un pazo adem\u00e1s de una capilla.<\/p>\n<h3>Redes<\/h3>\n<p>Terminamos nuestra lista con otro encantador pueblo coru\u00f1\u00e9s. Si tienes pensado ir a Coru\u00f1a tampoco debes perd\u00e9rtelo pues al no ser muy conocido, no encontrar\u00e1s grandes muchedumbres de gente. Redes se encuentra en la r\u00eda de Ares destacando su tradici\u00f3n marinera adem\u00e1s de sus coloridas casas, su bonita playa e incluso su puerto lleno de vida y alegr\u00eda. Te sorprender\u00e1 saber que Almod\u00f3var eligi\u00f3 este peque\u00f1o lugar para rodar varias escenas de sus pel\u00edculas.<\/p>\n","protected":false},"excerpt":{"rendered":"<p>Todos conocemos la gran belleza que alberga A Coru\u00f1a, sobre todo la capital Santiago de Compostela. Much\u00edsimos lugares tur\u00edsticos coru\u00f1eses reciben a miles de turistas que se quedan enamorados de sus rincones. Sin embargo, hay otras zonas de la provincia que no son tan conocidas y que m\u00e1s viajeros de lo que deber\u00edan pasan por &hellip; <\/p>\n<p class=\"link-more\"><a href=\"https:\/\/blog.espol.edu.ec\/descubriendorincones\/2021\/06\/14\/quieres-ir-a-la-coruna-descubre-estos-lugares-poco-turisticos\/\" class=\"more-link\">Continuar leyendo<span class=\"screen-reader-text\"> \"\u00bfQuieres ir a La Coru\u00f1a? Descubre estos lugares poco tur\u00edsticos\"<\/span><\/a><\/p>\n","protected":false},"author":11139,"featured_media":105,"comment_status":"open","ping_status":"open","sticky":false,"template":"","format":"standard","meta":{"footnotes":""},"categories":[818],"tags":[1467261,1374216],"class_list":["post-97","post","type-post","status-publish","format-standard","has-post-thumbnail","hentry","category-sin-categoria","tag-a-coruna","tag-galicia"],"_links":{"self":[{"href":"https:\/\/blog.espol.edu.ec\/descubriendorincones\/wp-json\/wp\/v2\/posts\/97","targetHints":{"allow":["GET"]}}],"collection":[{"href":"https:\/\/blog.espol.edu.ec\/descubriendorincones\/wp-json\/wp\/v2\/posts"}],"about":[{"href":"https:\/\/blog.espol.edu.ec\/descubriendorincones\/wp-json\/wp\/v2\/types\/post"}],"author":[{"embeddable":true,"href":"https:\/\/blog.espol.edu.ec\/descubriendorincones\/wp-json\/wp\/v2\/users\/11139"}],"replies":[{"embeddable":true,"href":"https:\/\/blog.espol.edu.ec\/descubriendorincones\/wp-json\/wp\/v2\/comments?post=97"}],"version-history":[{"count":2,"href":"https:\/\/blog.espol.edu.ec\/descubriendorincones\/wp-json\/wp\/v2\/posts\/97\/revisions"}],"predecessor-version":[{"id":106,"href":"https:\/\/blog.espol.edu.ec\/descubriendorincones\/wp-json\/wp\/v2\/posts\/97\/revisions\/106"}],"wp:featuredmedia":[{"embeddable":true,"href":"https:\/\/blog.espol.edu.ec\/descubriendorincones\/wp-json\/wp\/v2\/media\/105"}],"wp:attachment":[{"href":"https:\/\/blog.espol.edu.ec\/descubriendorincones\/wp-json\/wp\/v2\/media?parent=97"}],"wp:term":[{"taxonomy":"category","embeddable":true,"href":"https:\/\/blog.espol.edu.ec\/descubriendorincones\/wp-json\/wp\/v2\/categories?post=97"},{"taxonomy":"post_tag","embeddable":true,"href":"https:\/\/blog.espol.edu.ec\/descubriendorincones\/wp-json\/wp\/v2\/tags?post=97"}],"curies":[{"name":"wp","href":"https:\/\/api.w.org\/{rel}","templated":true}]}}