{"id":44,"date":"2012-11-03T15:29:06","date_gmt":"2012-11-03T15:29:06","guid":{"rendered":"http:\/\/blog.espol.edu.ec\/dfsorian\/?p=44"},"modified":"2012-11-03T15:37:16","modified_gmt":"2012-11-03T15:37:16","slug":"el-ipad-podria-ayudar-a-ninos-con-discapacidad-visual","status":"publish","type":"post","link":"https:\/\/blog.espol.edu.ec\/dfsorian\/2012\/11\/03\/el-ipad-podria-ayudar-a-ninos-con-discapacidad-visual\/","title":{"rendered":"El iPad podr\u00eda ayudar a ni\u00f1os con discapacidad visual"},"content":{"rendered":"<p>El iPad podr\u00eda ayudar a mejorar los resultados de las terapias de ni\u00f1os con discapacidad visual cortical (DVC), un trastorno neurol\u00f3gico grave causado por un da\u00f1o cerebral que les impide interpretar la informaci\u00f3n visual que reciben, seg\u00fan un trabajo de campo publicado hoy.<br \/>\nLa intervenci\u00f3n temprana en la vida de los ni\u00f1os que padecen esta discapacidad es fundamental, apuntan los investigadores de la Universidad de Kansas (KU), ya que con las t\u00e9cnicas adecuadas se les puede ayudar a obtener una mejor visi\u00f3n a medida que crecen. El iPad podr\u00eda tener un papel \"crucial\" en esta terapia.<br \/>\nEsta discapacidad se puede presentar desde el nacimiento y su gravedad depender\u00e1 del tipo de lesi\u00f3n del paciente pero siempre requiere de cuidados espec\u00edficos y una educaci\u00f3n especial.<br \/>\nLa doctora Muriel Saunders del Life Span Istitute de la Universidad de Kansas, especializado en pacientes con discapacidades, utiliz\u00f3 las tabletas de Apple en su trabajo terap\u00e9utico con un grupo de quince ni\u00f1os y \"nos quedamos totalmente sorprendidos\", asegur\u00f3.<br \/>\n\"Cada ni\u00f1o estaba fascinado con el iPad. Los ni\u00f1os que normalmente no ven a la gente, no responden a objetos o responden de una manera muy repetitiva, se quedaron fascinados con el iPad\", se\u00f1al\u00f3 la doctora, que trabaja con estos ni\u00f1os para ayudarles a desarrollar habilidades del lenguaje.<br \/>\nTradicionalmente los terapeutas que tratan a estos ni\u00f1os usan una caja de luz, similar a la que los m\u00e9dicos emplean para ver una radiograf\u00eda, ya que les resulta m\u00e1s f\u00e1cil ver las luces y los objetos en alto contraste.<br \/>\n\"Una persona con una DVC grave pasa mucho tiempo mirando las luces\", explica Saunders. Aunque no distinguen con claridad, \"puede ser que vean algo que pasa, pero no ven las caras y no ven los objetos. As\u00ed que es como si fueran ciegos\".<br \/>\nLa doctora utiliz\u00f3 a sugerencia de uno de sus colaboradores el iPad como r\u00e9plica de la caja de luz y descubrieron que las posibilidades de interactuar con sonidos y colores son mucho m\u00e1s atractivas para los ni\u00f1os.<br \/>\nDe momento est\u00e1n utilizando algunas aplicaciones simples para que tocando la pantalla aparezcan sonidos, im\u00e1genes y siluetas de colores sobre un fondo blanco.<br \/>\nLa doctora indica que \u00e9sta es s\u00f3lo una peque\u00f1a muestra y todav\u00eda falta una investigaci\u00f3n formal para documentar el poder del iPad para ayudar a estos ni\u00f1os pero ya se est\u00e1 usando como herramienta en las terapias.<br \/>\n\"Usando el iPad, no s\u00f3lo pueden interactuar con una pantalla, sino que se les puede ense\u00f1ar a trav\u00e9s de una serie de pasos a controlar las cosas en esa pantalla\", se\u00f1al\u00f3 la doctora, que ahora busca financiaci\u00f3n para hacer una investigaci\u00f3n m\u00e1s exhaustiva.<br \/>\nLa doctora realiz\u00f3 estas pruebas junto con expertos del Junior Blind of America en Los \u00c1ngeles (California), una instituci\u00f3n que se dedica a trabajar con ni\u00f1os ciegos.<br \/>\n<a href=\"http:\/\/blog.espol.edu.ec\/dfsorian\/files\/2012\/11\/venta-ipad-2.jpg\"><img loading=\"lazy\" decoding=\"async\" src=\"http:\/\/blog.espol.edu.ec\/dfsorian\/files\/2012\/11\/venta-ipad-2-300x159.jpg\" alt=\"\" width=\"300\" height=\"159\" class=\"alignnone size-medium wp-image-45\" srcset=\"https:\/\/blog.espol.edu.ec\/dfsorian\/files\/2012\/11\/venta-ipad-2-300x159.jpg 300w, https:\/\/blog.espol.edu.ec\/dfsorian\/files\/2012\/11\/venta-ipad-2.jpg 570w\" sizes=\"auto, (max-width: 300px) 100vw, 300px\" \/><\/a><\/p>\n","protected":false},"excerpt":{"rendered":"<p>El iPad podr\u00eda ayudar a mejorar los resultados de las terapias de ni\u00f1os con discapacidad visual cortical (DVC), un trastorno neurol\u00f3gico grave causado por un da\u00f1o cerebral que les impide interpretar la informaci\u00f3n visual que reciben, seg\u00fan un trabajo de campo publicado hoy. La intervenci\u00f3n temprana en la vida de los ni\u00f1os que padecen esta [&hellip;]<\/p>\n","protected":false},"author":8177,"featured_media":0,"comment_status":"open","ping_status":"open","sticky":false,"template":"","format":"standard","meta":{"footnotes":""},"categories":[541466],"tags":[],"class_list":["post-44","post","type-post","status-publish","format-standard","hentry","category-tecnologia-para-todos"],"_links":{"self":[{"href":"https:\/\/blog.espol.edu.ec\/dfsorian\/wp-json\/wp\/v2\/posts\/44","targetHints":{"allow":["GET"]}}],"collection":[{"href":"https:\/\/blog.espol.edu.ec\/dfsorian\/wp-json\/wp\/v2\/posts"}],"about":[{"href":"https:\/\/blog.espol.edu.ec\/dfsorian\/wp-json\/wp\/v2\/types\/post"}],"author":[{"embeddable":true,"href":"https:\/\/blog.espol.edu.ec\/dfsorian\/wp-json\/wp\/v2\/users\/8177"}],"replies":[{"embeddable":true,"href":"https:\/\/blog.espol.edu.ec\/dfsorian\/wp-json\/wp\/v2\/comments?post=44"}],"version-history":[{"count":2,"href":"https:\/\/blog.espol.edu.ec\/dfsorian\/wp-json\/wp\/v2\/posts\/44\/revisions"}],"predecessor-version":[{"id":49,"href":"https:\/\/blog.espol.edu.ec\/dfsorian\/wp-json\/wp\/v2\/posts\/44\/revisions\/49"}],"wp:attachment":[{"href":"https:\/\/blog.espol.edu.ec\/dfsorian\/wp-json\/wp\/v2\/media?parent=44"}],"wp:term":[{"taxonomy":"category","embeddable":true,"href":"https:\/\/blog.espol.edu.ec\/dfsorian\/wp-json\/wp\/v2\/categories?post=44"},{"taxonomy":"post_tag","embeddable":true,"href":"https:\/\/blog.espol.edu.ec\/dfsorian\/wp-json\/wp\/v2\/tags?post=44"}],"curies":[{"name":"wp","href":"https:\/\/api.w.org\/{rel}","templated":true}]}}