{"id":55,"date":"2014-11-09T15:03:51","date_gmt":"2014-11-09T20:03:51","guid":{"rendered":"http:\/\/blog.espol.edu.ec\/dgmoran\/?p=55"},"modified":"2014-11-09T15:04:28","modified_gmt":"2014-11-09T20:04:28","slug":"el-futuro-del-ecuador-sera-verde","status":"publish","type":"post","link":"https:\/\/blog.espol.edu.ec\/dgmoran\/2014\/11\/09\/el-futuro-del-ecuador-sera-verde\/","title":{"rendered":"El Futuro del Ecuador ser\u00e1 Verde"},"content":{"rendered":"<p>La Organizaci\u00f3n de Naciones Unidas (<a title=\"ONU\" href=\"http:\/\/www.un.org\/es\/\">ONU<\/a>) ha valorado la direcci\u00f3n de Ecuador en la aplicaci\u00f3n de pol\u00edticas que impulsan la eficiencia energ\u00e9tica y las tecnolog\u00edas ambientales limpias.<\/p>\n<p>El <a title=\"Ministerio de Ambiente\" href=\"http:\/\/www.ambiente.gob.ec\/\">Ministerio de Ambiente<\/a> que el reconocimiento es resultado de las pol\u00edticas impulsadas por el gobierno de Ecuador para conseguir un equilibrio entre el crecimiento econ\u00f3mico y la conservaci\u00f3n del ecosistema.<\/p>\n<p>Coment\u00f3 que uno de los frentes en los que se trabaja es la reducci\u00f3n de las emisiones de Gases de Efecto Invernadero (GEI) gracias a la sustituci\u00f3n de diesel por gas asociado en la generaci\u00f3n de energ\u00eda el\u00e9ctrica.<\/p>\n<p>\u201cCon ello se disminuye la quema de gas asociado en las chimeneas de producci\u00f3n petrolera en todo el distrito amaz\u00f3nico de Ecuador\u201d, explic\u00f3 la dependencia a trav\u00e9s de un comunicado, en su sitio de internet.<\/p>\n<p>Del mismo modo, el gobierno impulsa el Programa Cocci\u00f3n Eficiente, que consiste en el reemplazo de cocinas que usan gas licuado de petr\u00f3leo por cocinas de inducci\u00f3n.<\/p>\n<p>La meta del programa es reemplazar para 2017 tres millones de cocinas de gas, que emiten un promedio de 2.8 millones de toneladas de di\u00f3xido de carbono, lo que reducir\u00e1 unos 42 millones de toneladas de CO2.<\/p>\n<p>Ecuador quiere garantizar el control y mejora de la energ\u00eda, gracias a procesos de producci\u00f3n m\u00e1s limpios, lo que incluye el compromiso de esa cartera por educar a la poblaci\u00f3n acerca de la importancia de cuidar los recursos energ\u00e9ticos.<\/p>\n<p>Ecuador ha ejecutado 9 proyectos\u00a0emblem\u00e1ticos\u00a0que constituyen la muestra m\u00e1s grande de avance y desarrollo que el Gobierno Nacional impulsa con decisi\u00f3n y gesti\u00f3n en el pa\u00eds.<\/p>\n<p><a title=\"Coca Codo Sinclair\" href=\"http:\/\/www.energia.gob.ec\/coca-codo-sinclair\/\" target=\"_blank\">Coca Codo Sinclair<\/a>, <a title=\"Minas San Francisco\" href=\"http:\/\/www.energia.gob.ec\/minas-san-francisco\/\" target=\"_blank\">Minas San Francisco<\/a>, <a title=\"Delsitanisagua\" href=\"http:\/\/www.energia.gob.ec\/delsitanisagua\/\" target=\"_blank\">Delsitanisagua<\/a>, <a title=\"Manduriacu\" href=\"http:\/\/www.energia.gob.ec\/manduriacu\/\" target=\"_blank\">Manduriacu<\/a>, <a title=\"Mazar Dudas\" href=\"http:\/\/www.energia.gob.ec\/mazar-dudas\/\" target=\"_blank\">Mazar Dudas<\/a>, <a title=\"Toachi Pilaton\" href=\"http:\/\/www.energia.gob.ec\/toachi-pilaton\/\" target=\"_blank\">Toachi Pilat\u00f3n<\/a>, <a title=\"Quijos\" href=\"http:\/\/www.energia.gob.ec\/quijos\/\" target=\"_blank\">Quijos<\/a>, <a title=\"Sopladora\" href=\"http:\/\/www.energia.gob.ec\/sopladora\/\" target=\"_blank\">Sopladora<\/a> y <a title=\"Villonaco\" href=\"http:\/\/www.energia.gob.ec\/villonaco\/\" target=\"_blank\">Villonaco<\/a>, son los 9 proyectos que permitir\u00e1n generar energ\u00eda renovable de la manera m\u00e1s eficiente y sustentable provechando la diversificaci\u00f3n de las fuentes de energ\u00eda, la aplicaci\u00f3n de tecnolog\u00eda limpia, la reducci\u00f3n de contaminaci\u00f3n pero sobretodo con claros lineamientos de respeto a la naturaleza.\u00a0Los proyectos emblem\u00e1ticos son el claro ejemplo de un nuevo Ecuador que avanza, alcanzando niveles hist\u00f3ricos en desarrollo productivo, energ\u00e9tico y social.<\/p>\n<footer id=\"colophon\">\n<div><\/div>\n<\/footer>\n","protected":false},"excerpt":{"rendered":"<p>La Organizaci\u00f3n de Naciones Unidas (ONU) ha valorado la direcci\u00f3n de Ecuador en la aplicaci\u00f3n de pol\u00edticas que impulsan la eficiencia energ\u00e9tica y las tecnolog\u00edas ambientales limpias. El Ministerio de Ambiente que el reconocimiento es resultado de las pol\u00edticas impulsadas por el gobierno de Ecuador para conseguir un equilibrio entre el crecimiento econ\u00f3mico y la &hellip; <\/p>\n<p><a class=\"more-link btn\" href=\"https:\/\/blog.espol.edu.ec\/dgmoran\/2014\/11\/09\/el-futuro-del-ecuador-sera-verde\/\">Seguir leyendo<\/a><\/p>\n","protected":false},"author":9381,"featured_media":0,"comment_status":"open","ping_status":"open","sticky":false,"template":"","format":"standard","meta":{"footnotes":""},"categories":[324],"tags":[],"class_list":["post-55","post","type-post","status-publish","format-standard","hentry","category-proyectos","item-wrap"],"_links":{"self":[{"href":"https:\/\/blog.espol.edu.ec\/dgmoran\/wp-json\/wp\/v2\/posts\/55","targetHints":{"allow":["GET"]}}],"collection":[{"href":"https:\/\/blog.espol.edu.ec\/dgmoran\/wp-json\/wp\/v2\/posts"}],"about":[{"href":"https:\/\/blog.espol.edu.ec\/dgmoran\/wp-json\/wp\/v2\/types\/post"}],"author":[{"embeddable":true,"href":"https:\/\/blog.espol.edu.ec\/dgmoran\/wp-json\/wp\/v2\/users\/9381"}],"replies":[{"embeddable":true,"href":"https:\/\/blog.espol.edu.ec\/dgmoran\/wp-json\/wp\/v2\/comments?post=55"}],"version-history":[{"count":1,"href":"https:\/\/blog.espol.edu.ec\/dgmoran\/wp-json\/wp\/v2\/posts\/55\/revisions"}],"predecessor-version":[{"id":56,"href":"https:\/\/blog.espol.edu.ec\/dgmoran\/wp-json\/wp\/v2\/posts\/55\/revisions\/56"}],"wp:attachment":[{"href":"https:\/\/blog.espol.edu.ec\/dgmoran\/wp-json\/wp\/v2\/media?parent=55"}],"wp:term":[{"taxonomy":"category","embeddable":true,"href":"https:\/\/blog.espol.edu.ec\/dgmoran\/wp-json\/wp\/v2\/categories?post=55"},{"taxonomy":"post_tag","embeddable":true,"href":"https:\/\/blog.espol.edu.ec\/dgmoran\/wp-json\/wp\/v2\/tags?post=55"}],"curies":[{"name":"wp","href":"https:\/\/api.w.org\/{rel}","templated":true}]}}