{"id":64,"date":"2014-11-09T15:21:05","date_gmt":"2014-11-09T20:21:05","guid":{"rendered":"http:\/\/blog.espol.edu.ec\/dgmoran\/?p=64"},"modified":"2014-11-09T15:21:05","modified_gmt":"2014-11-09T20:21:05","slug":"parque-samanes","status":"publish","type":"post","link":"https:\/\/blog.espol.edu.ec\/dgmoran\/2014\/11\/09\/parque-samanes\/","title":{"rendered":"Parque Samanes"},"content":{"rendered":"<p><a title=\"Parque Samanes\" href=\"https:\/\/es-la.facebook.com\/parquesamanes\" target=\"_blank\">El \u00c1rea Nacional de Recreaci\u00f3n Samanes<\/a>, que cuenta con un \u00e1rea total de 851 hect\u00e1reas, incluido el Bosque Protector Cerro Colorado, nace del Proyecto \u201cGeneraci\u00f3n y Restauraci\u00f3n de \u00c1reas Verdes para la ciudad de Guayaquil \u2013 Guayaquil Ecol\u00f3gico\u201d<\/p>\n<p>El proyecto del Parque Tem\u00e1tico Plurinacional e Intercultural de Guayaquil pretende rescatar y resaltar la memoria cultural del uso del espacio p\u00fablico en la ciudad; para proporcionar \u00a0al usuario esparcimiento, descanso, placer est\u00e9tico, confort ambiental y desarrollo de su car\u00e1cter y personalidad, inform\u00f3 el <a title=\"Ministerio de Ambiente\" href=\"http:\/\/www.ambiente.gob.ec\/\">Ministerio de Ambiente<\/a> a trav\u00e9s de un comunicado.<\/p>\n<p>El parque, que podr\u00eda convertirse en el tercer parque m\u00e1s grande de Am\u00e9rica (solo despu\u00e9s del Central Park y el Phoenix Park), contar\u00e1 con una siembra masiva de 250.000 nuevos \u00e1rboles, 10km de ciclov\u00edas\u00a0y recorridos exclusivos para trote y caminatas donde las personas podr\u00e1n hacer ejercicios f\u00edsicos las 24 horas al d\u00eda. Habr\u00e1n amplios espacios para actividades art\u00edsticas y culturales, espl\u00e9ndidos rincones para exposiciones y teatro callejero, paseos escoltados por exuberante naturaleza creando una integraci\u00f3n arm\u00f3nica con la naturaleza y la pr\u00e1ctica deportiva. En resumidas cuentas un\u00a0Guayaquil diferente, verde y sustentable.<\/p>\n<p>&nbsp;<\/p>\n<div class=\"embed-container\"><iframe loading=\"lazy\" width=\"750\" height=\"422\" src=\"https:\/\/www.youtube.com\/embed\/hz3FV3MNF-Y?feature=oembed\" frameborder=\"0\" allow=\"autoplay; encrypted-media\" allowfullscreen><\/iframe><\/div>\n","protected":false},"excerpt":{"rendered":"<p>El \u00c1rea Nacional de Recreaci\u00f3n Samanes, que cuenta con un \u00e1rea total de 851 hect\u00e1reas, incluido el Bosque Protector Cerro Colorado, nace del Proyecto \u201cGeneraci\u00f3n y Restauraci\u00f3n de \u00c1reas Verdes para la ciudad de Guayaquil \u2013 Guayaquil Ecol\u00f3gico\u201d El proyecto del Parque Tem\u00e1tico Plurinacional e Intercultural de Guayaquil pretende rescatar y resaltar la memoria cultural &hellip; <\/p>\n<p><a class=\"more-link btn\" href=\"https:\/\/blog.espol.edu.ec\/dgmoran\/2014\/11\/09\/parque-samanes\/\">Seguir leyendo<\/a><\/p>\n","protected":false},"author":9381,"featured_media":0,"comment_status":"open","ping_status":"open","sticky":false,"template":"","format":"standard","meta":{"footnotes":""},"categories":[324],"tags":[],"class_list":["post-64","post","type-post","status-publish","format-standard","hentry","category-proyectos","item-wrap"],"_links":{"self":[{"href":"https:\/\/blog.espol.edu.ec\/dgmoran\/wp-json\/wp\/v2\/posts\/64","targetHints":{"allow":["GET"]}}],"collection":[{"href":"https:\/\/blog.espol.edu.ec\/dgmoran\/wp-json\/wp\/v2\/posts"}],"about":[{"href":"https:\/\/blog.espol.edu.ec\/dgmoran\/wp-json\/wp\/v2\/types\/post"}],"author":[{"embeddable":true,"href":"https:\/\/blog.espol.edu.ec\/dgmoran\/wp-json\/wp\/v2\/users\/9381"}],"replies":[{"embeddable":true,"href":"https:\/\/blog.espol.edu.ec\/dgmoran\/wp-json\/wp\/v2\/comments?post=64"}],"version-history":[{"count":1,"href":"https:\/\/blog.espol.edu.ec\/dgmoran\/wp-json\/wp\/v2\/posts\/64\/revisions"}],"predecessor-version":[{"id":65,"href":"https:\/\/blog.espol.edu.ec\/dgmoran\/wp-json\/wp\/v2\/posts\/64\/revisions\/65"}],"wp:attachment":[{"href":"https:\/\/blog.espol.edu.ec\/dgmoran\/wp-json\/wp\/v2\/media?parent=64"}],"wp:term":[{"taxonomy":"category","embeddable":true,"href":"https:\/\/blog.espol.edu.ec\/dgmoran\/wp-json\/wp\/v2\/categories?post=64"},{"taxonomy":"post_tag","embeddable":true,"href":"https:\/\/blog.espol.edu.ec\/dgmoran\/wp-json\/wp\/v2\/tags?post=64"}],"curies":[{"name":"wp","href":"https:\/\/api.w.org\/{rel}","templated":true}]}}