{"id":670,"date":"2022-06-05T00:56:28","date_gmt":"2022-06-05T05:56:28","guid":{"rendered":"http:\/\/blog.espol.edu.ec\/dichosyfrases\/?p=670"},"modified":"2022-06-05T00:56:28","modified_gmt":"2022-06-05T05:56:28","slug":"arder-troya","status":"publish","type":"post","link":"https:\/\/blog.espol.edu.ec\/dichosyfrases\/dichos-y-frases\/arder-troya\/","title":{"rendered":"Arder Troya"},"content":{"rendered":"<p style=\"text-align: justify\"><strong>Arder Troya:\u00a0<\/strong>(Arda Troya||Ya puede arder Troya||Aqu\u00ed\/ah\u00ed\/all\u00ed fue Troya|| Arder Roma) Se aplica esta expresi\u00f3n cuando sucede un gran esc\u00e1ndalo o confusi\u00f3n o tiene lugar una gran pelea. <em>Hab\u00edan mezclado a los hinchas de los dos equipos y, claro, ardi\u00f3 Troya. <\/em>Empleamos <em>Arda Troya <\/em>cuando no nos importan las consecuencias de algo, por muy negativas que sean. <em>Yo voy a cambiar de trabajo. Ah\u00ed os qued\u00e1is, con todos vuestros enfrentamientos. Arda Troya, que a m\u00ed me da igual. <\/em>La expresi\u00f3n <em>Fue troya <\/em>se usa, generalmente, en las mismas situaciones que <em>Arder Troya, <\/em>aunque a veces indica que algo, hoy destruido y olvidado, fue en tiempos importante y esplendoroso: <em>F\u00edjate en esas ruinas... Pues aqu\u00ed antes fue Troya, porque en este lugar se levantaba una de las iglesias rom\u00e1nicas m\u00e1s hermosas de Europa. <\/em>En este sentido, podemos citar el t\u00edtulo de un soneto de Quevedo (1580- 1645) en el que el autor, con magistral y cruel pluma, describe a una vieja bruja: <em>Pinta el aqu\u00ed fue Troya de la hermosura. <\/em>Todas las expresiones se refieren a la guerra de Troya, ciudad del Asia Menor (actual Turqu\u00eda), atacada por los griegos, seg\u00fan la Mitolog\u00eda, para liberar a Helena, esposa de Menelao, rey de Esparta, que hab\u00eda sido raptada por el pr\u00edncipe Paris (v. <em>La manzana de la discordia<\/em>)<em>, <\/em>hijo del rey troyano Pr\u00edamo. Al parecer, se trat\u00f3, como en tantos otros casos, de una guerra desatada por motivos comerciales, pues los troyanos controlaban, imponiendo fuertes aranceles, el paso de mercanc\u00edas por mar a trav\u00e9s del estrecho de los Dardanelos, puerta oriental del Mediterr\u00e1neo. Tras diez a\u00f1os de asedio (1193-1184 a. C.), los griegos consiguieron introducirse en la ciudad con una estratagema ideada por Agamen\u00f3n: un gran caballo hueco de madera con \u00absorpresa \u00bb ofrecido a los troyanos en son de supuesta paz, pues dentro del caballo entraron varios soldados que consiguieron reducir a los centinelas y abrir las puertas. Los troyanos fueron pasados por las armas y la ciudad fue pasto de las llamas. Troya permaneci\u00f3 oculta hasta que en 1870 el arque\u00f3logo alem\u00e1n Heinrich Schliemann (1822-1890) descubri\u00f3 las ruinas, misi\u00f3n a la que pr\u00e1cticamente hab\u00eda consagrado su vida. En esta guerra tomaron parte diversos personajes cuyas haza\u00f1as ocupan lugar preferente en la Mitolog\u00eda y en la Literatura: Aquiles (v. <em>El tal\u00f3n de Aquiles<\/em>)<em>, <\/em>H\u00e9ctor, Patroclo, Eneas... La guerra de Troya se narra en la <em>Il\u00edada, <\/em>de Homero (s. IX? a. C.) y en el libro III de la <em>Eneida, <\/em>de Virgilio (70-19 a. C.). Por lo que se refiere a la expresi\u00f3n <em>Arder Roma, <\/em>tiene que ver con el m\u00e1s conocido incendio de la capital imperial, el que tuvo lugar la noche del 18 al 19 de julio del a\u00f1o 64, atribuido falsamente al emperador Ner\u00f3n, que no estaba contemplando c\u00f3mo el fuego devoraba la ciudad m\u00e1s espl\u00e9ndida del mundo mientras ta\u00f1\u00eda la lira, sino descansando en su villa natal de Antium, a muchos kil\u00f3metros de all\u00ed. El bulo fue difundido por la tradici\u00f3n historiogr\u00e1fica cristiana, pues los cristianos, hasta entonces practicantes de una religi\u00f3n oriental poco importante y una de las muchas que exist\u00edan en el Imperio, fueron acusados por Ner\u00f3n, para librarse de las sospechas de pir\u00f3mano que crec\u00edan entre el pueblo, de ser los responsables del tr\u00e1gico siniestro.<\/p>\n","protected":false},"excerpt":{"rendered":"<p>Arder Troya:\u00a0(Arda Troya||Ya puede arder Troya||Aqu\u00ed\/ah\u00ed\/all\u00ed fue Troya|| Arder Roma) Se aplica esta expresi\u00f3n cuando sucede un gran esc\u00e1ndalo o confusi\u00f3n o tiene lugar una gran pelea. Hab\u00edan mezclado a los hinchas de los dos equipos y, claro, ardi\u00f3 Troya. Empleamos Arda Troya cuando no nos importan las consecuencias de algo, por muy negativas que &hellip; <\/p>\n<p><a class=\"more-link btn\" href=\"https:\/\/blog.espol.edu.ec\/dichosyfrases\/dichos-y-frases\/arder-troya\/\">Seguir leyendo<\/a><\/p>\n","protected":false},"author":10868,"featured_media":0,"comment_status":"open","ping_status":"open","sticky":false,"template":"","format":"standard","meta":{"footnotes":""},"categories":[1478328],"tags":[],"class_list":["post-670","post","type-post","status-publish","format-standard","hentry","category-dichos-y-frases","nodate","item-wrap"],"aioseo_notices":[],"_links":{"self":[{"href":"https:\/\/blog.espol.edu.ec\/dichosyfrases\/wp-json\/wp\/v2\/posts\/670","targetHints":{"allow":["GET"]}}],"collection":[{"href":"https:\/\/blog.espol.edu.ec\/dichosyfrases\/wp-json\/wp\/v2\/posts"}],"about":[{"href":"https:\/\/blog.espol.edu.ec\/dichosyfrases\/wp-json\/wp\/v2\/types\/post"}],"author":[{"embeddable":true,"href":"https:\/\/blog.espol.edu.ec\/dichosyfrases\/wp-json\/wp\/v2\/users\/10868"}],"replies":[{"embeddable":true,"href":"https:\/\/blog.espol.edu.ec\/dichosyfrases\/wp-json\/wp\/v2\/comments?post=670"}],"version-history":[{"count":1,"href":"https:\/\/blog.espol.edu.ec\/dichosyfrases\/wp-json\/wp\/v2\/posts\/670\/revisions"}],"predecessor-version":[{"id":671,"href":"https:\/\/blog.espol.edu.ec\/dichosyfrases\/wp-json\/wp\/v2\/posts\/670\/revisions\/671"}],"wp:attachment":[{"href":"https:\/\/blog.espol.edu.ec\/dichosyfrases\/wp-json\/wp\/v2\/media?parent=670"}],"wp:term":[{"taxonomy":"category","embeddable":true,"href":"https:\/\/blog.espol.edu.ec\/dichosyfrases\/wp-json\/wp\/v2\/categories?post=670"},{"taxonomy":"post_tag","embeddable":true,"href":"https:\/\/blog.espol.edu.ec\/dichosyfrases\/wp-json\/wp\/v2\/tags?post=670"}],"curies":[{"name":"wp","href":"https:\/\/api.w.org\/{rel}","templated":true}]}}