{"id":11,"date":"2013-05-21T16:03:46","date_gmt":"2013-05-21T16:03:46","guid":{"rendered":"http:\/\/blog.espol.edu.ec\/dkmena\/?p=11"},"modified":"2013-06-02T04:09:02","modified_gmt":"2013-06-02T04:09:02","slug":"11","status":"publish","type":"post","link":"https:\/\/blog.espol.edu.ec\/dkmena\/2013\/05\/21\/11\/","title":{"rendered":"Steve Winter"},"content":{"rendered":"<p><a href=\"http:\/\/blog.espol.edu.ec\/dkmena\/files\/2013\/05\/Fot\u00f3grafo_Steve_Winter3.jpg\"><img loading=\"lazy\" decoding=\"async\" class=\"aligncenter size-medium wp-image-52\" src=\"http:\/\/blog.espol.edu.ec\/dkmena\/files\/2013\/05\/Fot\u00f3grafo_Steve_Winter3-300x200.jpg\" alt=\"\" width=\"300\" height=\"200\" srcset=\"https:\/\/blog.espol.edu.ec\/dkmena\/files\/2013\/05\/Fot\u00f3grafo_Steve_Winter3-300x200.jpg 300w, https:\/\/blog.espol.edu.ec\/dkmena\/files\/2013\/05\/Fot\u00f3grafo_Steve_Winter3-1024x682.jpg 1024w, https:\/\/blog.espol.edu.ec\/dkmena\/files\/2013\/05\/Fot\u00f3grafo_Steve_Winter3.jpg 1200w\" sizes=\"auto, (max-width: 300px) 100vw, 300px\" \/><\/a><span style=\"font-size: 16px\">Trabaja para la revista estadounidense<\/span><strong><a title=\"National Geographic\" href=\"http:\/\/www.quefotografia.com\/tag\/national-geographic\">\u00a0National Geographic<\/a><\/strong><span style=\"font-size: 16px\">\u00a0desde 1991. Se ha dedicado a fotografiar fauna salvaje por todo el mundo, acompa\u00f1ado de un equipo de cient\u00edficos. Persigui\u00f3 durante seis semanas al leopardo de la nieve en India, a los osos gigantes de Kamchatka en Rusia, a los jaguares en la selva amaz\u00f3nica y fue acechado por un oso pardo en la fr\u00eda Siberia. Ha ganado m\u00faltiples premios, entre ellos el de la BBC: mejor fot\u00f3grafo del a\u00f1o dedicado a \u00a0la vida salvaje. Se requiere una enorme paciencia para encontrar el momento adecuado para poder fotografiar de forma correcta a estos animales. Winter \u00a0lleva este estilo a un escal\u00f3n por encima, captando incluso expresiones y momentos poco habituales en este tipo de fotograf\u00eda.<\/span><\/p>\n<p>&nbsp;<\/p>\n","protected":false},"excerpt":{"rendered":"<p>Trabaja para la revista estadounidense\u00a0National Geographic\u00a0desde 1991. Se ha dedicado a fotografiar fauna salvaje por todo el mundo, acompa\u00f1ado de un equipo de cient\u00edficos. Persigui\u00f3 durante seis semanas al leopardo de la nieve en India, a los osos gigantes de &hellip; <a href=\"https:\/\/blog.espol.edu.ec\/dkmena\/2013\/05\/21\/11\/\">Sigue leyendo <span class=\"meta-nav\">&rarr;<\/span><\/a><\/p>\n","protected":false},"author":8570,"featured_media":0,"comment_status":"open","ping_status":"open","sticky":false,"template":"","format":"standard","meta":{"footnotes":""},"categories":[744717],"tags":[],"class_list":["post-11","post","type-post","status-publish","format-standard","hentry","category-fotografia-artistica"],"_links":{"self":[{"href":"https:\/\/blog.espol.edu.ec\/dkmena\/wp-json\/wp\/v2\/posts\/11","targetHints":{"allow":["GET"]}}],"collection":[{"href":"https:\/\/blog.espol.edu.ec\/dkmena\/wp-json\/wp\/v2\/posts"}],"about":[{"href":"https:\/\/blog.espol.edu.ec\/dkmena\/wp-json\/wp\/v2\/types\/post"}],"author":[{"embeddable":true,"href":"https:\/\/blog.espol.edu.ec\/dkmena\/wp-json\/wp\/v2\/users\/8570"}],"replies":[{"embeddable":true,"href":"https:\/\/blog.espol.edu.ec\/dkmena\/wp-json\/wp\/v2\/comments?post=11"}],"version-history":[{"count":6,"href":"https:\/\/blog.espol.edu.ec\/dkmena\/wp-json\/wp\/v2\/posts\/11\/revisions"}],"predecessor-version":[{"id":48,"href":"https:\/\/blog.espol.edu.ec\/dkmena\/wp-json\/wp\/v2\/posts\/11\/revisions\/48"}],"wp:attachment":[{"href":"https:\/\/blog.espol.edu.ec\/dkmena\/wp-json\/wp\/v2\/media?parent=11"}],"wp:term":[{"taxonomy":"category","embeddable":true,"href":"https:\/\/blog.espol.edu.ec\/dkmena\/wp-json\/wp\/v2\/categories?post=11"},{"taxonomy":"post_tag","embeddable":true,"href":"https:\/\/blog.espol.edu.ec\/dkmena\/wp-json\/wp\/v2\/tags?post=11"}],"curies":[{"name":"wp","href":"https:\/\/api.w.org\/{rel}","templated":true}]}}